{"id":41003,"date":"2023-07-10T16:07:00","date_gmt":"2023-07-10T19:07:00","guid":{"rendered":"https:\/\/www.radiopresidenteibanez.cl\/web\/?p=41003"},"modified":"2023-07-10T10:31:42","modified_gmt":"2023-07-10T13:31:42","slug":"consejeros-regionales-participan-de-la-ceremonia-de-postura-de-la-primera-piedra-de-las-futuras-soluciones-habitacionales-en-el-sector-norte-de-punta-arenas","status":"publish","type":"post","link":"https:\/\/www.radiopresidenteibanez.cl\/web\/consejeros-regionales-participan-de-la-ceremonia-de-postura-de-la-primera-piedra-de-las-futuras-soluciones-habitacionales-en-el-sector-norte-de-punta-arenas\/","title":{"rendered":"CONSEJEROS REGIONALES PARTICIPAN DE LA CEREMONIA DE POSTURA DE LA PRIMERA PIEDRA DE LAS FUTURAS SOLUCIONES HABITACIONALES EN EL SECTOR NORTE DE PUNTA ARENAS"},"content":{"rendered":"\n<p>Emotiva ceremonia se desarroll\u00f3 esta ma\u00f1ana en la instalaci\u00f3n de la primera piedra de los futuros conjuntos habitacionales: Loma del Bosque 2, 3 y 6, barrio que se emplazar\u00e1 sobre Av. Frei, entre calle Los Flamencos y Enrique Abello.<\/p>\n\n\n\n<p>Las 196 soluciones habitacionales cuentan con una inversi\u00f3n de M$16.934.400, en donde un 38% de los recursos son aporte del Gobierno Regional.<\/p>\n\n\n\n<p>El consejero Pablo Cifuentes V. manifest\u00f3 su felicidad hacia las familias favorecidas, recalcando la importancia del desarrollo de viviendas que cuentan con servicios b\u00e1sicos al alcance, \u2018\u2019son casi 200 familias que van a ser beneficiadas en un barrio que va a estar adem\u00e1s muy bien ubicado, en un sector importante y desarrollado de la ciudad, con acceso a servicios, viviendas de muy buen nivel, as\u00ed que es una excelente noticia por la comuna de punta arenas\u2019\u2019.<\/p>\n\n\n\n<p>Por otra parte, el Consejero por la Provincia de Tierra del Fuego, Rodolfo C\u00e1rdenas A, reafirm\u00f3 las palabras de su colega se\u00f1alando, \u2018\u2019quiero destacar que muchas familias hoy d\u00eda son personas mayores, pero adem\u00e1s familias que tienen a ni\u00f1os y ni\u00f1as con discapacidad, por lo tanto la ubicaci\u00f3n de las viviendas es estrat\u00e9gica, porque est\u00e1n en un circuito de servicio que les brinda mayor cercan\u00eda, por ejemplo, el centro de rehabilitaci\u00f3n, el hospital\u2019\u2019, aseverando que hoy d\u00eda hay familias de Porvenir \u2018\u2019que se instalar\u00e1n a raz\u00f3n de los requerimientos de atenci\u00f3n para sus ni\u00f1os con discapacidad\u2019\u2019.&nbsp;<\/p>\n\n\n\n<p>En la actividad participaron las autoridades locales, los Consejeros Regionales, Ximena Monta\u00f1a V. Rodolfo C\u00e1rdenas A. Antonio Rispoli G. Antonio Bradasic S. Pablo Cifuentes V. el Gobernador Jorge Flies A., el Servicio de Vivienda y Urbanismo y las familias y amigos que quisieron apoyar y adem\u00e1s pudieron presenciar la ceremonia de iniciaci\u00f3n por parte de la comunidad Mapuche, qui\u00e9nes a trav\u00e9s de sus rituales y de los asistentes bendijeron el suelo donde ser\u00e1n construidos los nuevos barrios.&nbsp;<\/p>\n","protected":false},"excerpt":{"rendered":"<p>Emotiva ceremonia se desarroll\u00f3 esta ma\u00f1ana en la instalaci\u00f3n de la primera piedra de los futuros conjuntos habitacionales: Loma del Bosque 2, 3 y 6, barrio que se emplazar\u00e1 sobre&#8230; <a class=\"read-more\" href=\"https:\/\/www.radiopresidenteibanez.cl\/web\/consejeros-regionales-participan-de-la-ceremonia-de-postura-de-la-primera-piedra-de-las-futuras-soluciones-habitacionales-en-el-sector-norte-de-punta-arenas\/\">Leer m\u00e1s<\/a><\/p>\n","protected":false},"author":2,"featured_media":41004,"comment_status":"closed","ping_status":"closed","sticky":false,"template":"","format":"standard","meta":{"footnotes":""},"categories":[1],"tags":[],"class_list":["post-41003","post","type-post","status-publish","format-standard","has-post-thumbnail","hentry","category-cronica"],"_links":{"self":[{"href":"https:\/\/www.radiopresidenteibanez.cl\/web\/wp-json\/wp\/v2\/posts\/41003","targetHints":{"allow":["GET"]}}],"collection":[{"href":"https:\/\/www.radiopresidenteibanez.cl\/web\/wp-json\/wp\/v2\/posts"}],"about":[{"href":"https:\/\/www.radiopresidenteibanez.cl\/web\/wp-json\/wp\/v2\/types\/post"}],"author":[{"embeddable":true,"href":"https:\/\/www.radiopresidenteibanez.cl\/web\/wp-json\/wp\/v2\/users\/2"}],"replies":[{"embeddable":true,"href":"https:\/\/www.radiopresidenteibanez.cl\/web\/wp-json\/wp\/v2\/comments?post=41003"}],"version-history":[{"count":0,"href":"https:\/\/www.radiopresidenteibanez.cl\/web\/wp-json\/wp\/v2\/posts\/41003\/revisions"}],"wp:featuredmedia":[{"embeddable":true,"href":"https:\/\/www.radiopresidenteibanez.cl\/web\/wp-json\/wp\/v2\/media\/41004"}],"wp:attachment":[{"href":"https:\/\/www.radiopresidenteibanez.cl\/web\/wp-json\/wp\/v2\/media?parent=41003"}],"wp:term":[{"taxonomy":"category","embeddable":true,"href":"https:\/\/www.radiopresidenteibanez.cl\/web\/wp-json\/wp\/v2\/categories?post=41003"},{"taxonomy":"post_tag","embeddable":true,"href":"https:\/\/www.radiopresidenteibanez.cl\/web\/wp-json\/wp\/v2\/tags?post=41003"}],"curies":[{"name":"wp","href":"https:\/\/api.w.org\/{rel}","templated":true}]}}