{"id":40989,"date":"2023-07-10T10:19:00","date_gmt":"2023-07-10T13:19:00","guid":{"rendered":"https:\/\/www.radiopresidenteibanez.cl\/web\/?p=40989"},"modified":"2023-07-10T08:28:33","modified_gmt":"2023-07-10T11:28:33","slug":"blumar-participo-en-tradicional-chapuzon-en-las-frias-aguas-del-estrecho-como-auspiciador","status":"publish","type":"post","link":"https:\/\/www.radiopresidenteibanez.cl\/web\/blumar-participo-en-tradicional-chapuzon-en-las-frias-aguas-del-estrecho-como-auspiciador\/","title":{"rendered":"BLUMAR PARTICIPO EN TRADICIONAL \u00abCHAPUZON\u201d EN LAS FRIAS AGUAS DEL ESTRECHO COMO AUSPICIADOR"},"content":{"rendered":"\n<p>La empresa pesquera y salmonera<br>Blumar particip\u00f3 nuevamente en el \u201cChapuz\u00f3n 2023\u201d, tradicional panorama de<br>invierno de Magallanes que reuni\u00f3 a m\u00e1s de 6 mil personas de distintas partes del<br>pa\u00eds en la regi\u00f3n.<br>Seg\u00fan la organizaci\u00f3n, adem\u00e1s de los ba\u00f1istas, m\u00e1s de 9 mil personas<br>estuvieron presentes en la costanera de Punta Arenas para apoyar a quienes se<br>sumergieron en las fr\u00edas aguas del Estrecho, quienes adem\u00e1s pudieron disfrutar al<br>final del evento del cantante Forest, artista nacional y uno de los mejores<br>exponentes del g\u00e9nero urbano del pa\u00eds.<br>\u201cEstamos felices, porque vimos un r\u00e9cord de personas en una fiesta de toda<br>nuestra ciudad. Por tanto, quiero dar las gracias Blumar, porque tenemos estas<br>lindas poleras que fueron financiadas por la empresa. Hay que recordar que esta<br>es una actividad que comenz\u00f3 t\u00edmidamente hace 10 a\u00f1os atr\u00e1s, y hoy se ha<br>convertido en una fiesta nacional, con una cantidad muy importante de turistas,<br>m\u00e1s de 2.000 personas inscritas de las 6.000 eran de fuera de Punta Arenas, lo<br>que para nuestra ciudad es muy importante. La invitaci\u00f3n es ya a pensar en el<br>Chapuz\u00f3n 2024 donde creemos que vamos a batir este r\u00e9cord, y esperamos<br>seguir contando con el apoyo de la empresa\u201d, coment\u00f3 el alcalde de Punta<br>Arenas, Claudio Radonich.<br>En esta versi\u00f3n, Blumar apoy\u00f3 con seis mil kits compuestos por poleras y<br>morrales, adem\u00e1s de repartir caf\u00e9s para los ba\u00f1istas y cupones de descuento en<br>el Mercado Blumar. Esto forma parte de las iniciativas que ha llevado a cabo la<br>empresa dentro de Magallanes, con el fin de potenciar su vinculaci\u00f3n territorial<br>con las comunidades locales.<br>El subgerente de producci\u00f3n Salmones Blumar Magallanes, Pablo Sol\u00eds,<br>destac\u00f3 que \u201cha sido muy emocionante poder aportar nuevamente en este<br>relevante evento para nuestra regi\u00f3n, que re\u00fane a miles de personas no<br>solamente de ac\u00e1, sino que tambi\u00e9n de otras partes del pa\u00eds. Para Blumar es muy<br>importante poder ser parte de los territorios en donde trabajamos, por lo que<br>estamos siempre disponibles para apoyar estos eventos que involucran a toda la<br>comunidad\u201d.<\/p>\n","protected":false},"excerpt":{"rendered":"<p>La empresa pesquera y salmoneraBlumar particip\u00f3 nuevamente en el \u201cChapuz\u00f3n 2023\u201d, tradicional panorama deinvierno de Magallanes que reuni\u00f3 a m\u00e1s de 6 mil personas de distintas partes delpa\u00eds en la&#8230; <a class=\"read-more\" href=\"https:\/\/www.radiopresidenteibanez.cl\/web\/blumar-participo-en-tradicional-chapuzon-en-las-frias-aguas-del-estrecho-como-auspiciador\/\">Leer m\u00e1s<\/a><\/p>\n","protected":false},"author":2,"featured_media":40990,"comment_status":"closed","ping_status":"closed","sticky":false,"template":"","format":"standard","meta":{"footnotes":""},"categories":[1],"tags":[],"class_list":["post-40989","post","type-post","status-publish","format-standard","has-post-thumbnail","hentry","category-cronica"],"_links":{"self":[{"href":"https:\/\/www.radiopresidenteibanez.cl\/web\/wp-json\/wp\/v2\/posts\/40989","targetHints":{"allow":["GET"]}}],"collection":[{"href":"https:\/\/www.radiopresidenteibanez.cl\/web\/wp-json\/wp\/v2\/posts"}],"about":[{"href":"https:\/\/www.radiopresidenteibanez.cl\/web\/wp-json\/wp\/v2\/types\/post"}],"author":[{"embeddable":true,"href":"https:\/\/www.radiopresidenteibanez.cl\/web\/wp-json\/wp\/v2\/users\/2"}],"replies":[{"embeddable":true,"href":"https:\/\/www.radiopresidenteibanez.cl\/web\/wp-json\/wp\/v2\/comments?post=40989"}],"version-history":[{"count":0,"href":"https:\/\/www.radiopresidenteibanez.cl\/web\/wp-json\/wp\/v2\/posts\/40989\/revisions"}],"wp:featuredmedia":[{"embeddable":true,"href":"https:\/\/www.radiopresidenteibanez.cl\/web\/wp-json\/wp\/v2\/media\/40990"}],"wp:attachment":[{"href":"https:\/\/www.radiopresidenteibanez.cl\/web\/wp-json\/wp\/v2\/media?parent=40989"}],"wp:term":[{"taxonomy":"category","embeddable":true,"href":"https:\/\/www.radiopresidenteibanez.cl\/web\/wp-json\/wp\/v2\/categories?post=40989"},{"taxonomy":"post_tag","embeddable":true,"href":"https:\/\/www.radiopresidenteibanez.cl\/web\/wp-json\/wp\/v2\/tags?post=40989"}],"curies":[{"name":"wp","href":"https:\/\/api.w.org\/{rel}","templated":true}]}}