{"id":40974,"date":"2023-07-07T17:57:00","date_gmt":"2023-07-07T20:57:00","guid":{"rendered":"https:\/\/www.radiopresidenteibanez.cl\/web\/?p=40974"},"modified":"2023-07-07T16:55:19","modified_gmt":"2023-07-07T19:55:19","slug":"las-familias-de-la-junji-disfrutaron-jugando-en-el-ciijum-en-vacaciones-de-invierno","status":"publish","type":"post","link":"https:\/\/www.radiopresidenteibanez.cl\/web\/las-familias-de-la-junji-disfrutaron-jugando-en-el-ciijum-en-vacaciones-de-invierno\/","title":{"rendered":"LAS FAMILIAS DE LA JUNJI DISFRUTARON JUGANDO EN EL CIIJUM EN VACACIONES DE INVIERNO"},"content":{"rendered":"\n<p>\u201c<strong>\u2018Jugando en Familia en el Centro Interactivo Infantil de Juego y Movimiento (CIIJUM)\u2019<\/strong>&nbsp;brinda a las familias usuarias de los establecimientos educacionales de nuestra instituci\u00f3n este importante espacio, pensado para que las ni\u00f1as y los ni\u00f1os disfruten. Ellas y ellos suelen ocupar permanentemente el lugar con sus educadoras de p\u00e1rvulos y t\u00e9cnicos en educaci\u00f3n parvularia pero ahora pudieron hacerlo con sus madres, padres y apoderados, fomentando v\u00ednculos y retomando la importancia del juego en un espacio seguro, preparado y con material a disposici\u00f3n\u201d, sostuvo la directora regional de la&nbsp;<strong>Junta Nacional de Jardines Infantiles (JUNJI)<\/strong>&nbsp;de la Regi\u00f3n de Magallanes y de la Ant\u00e1rtica Chilena,&nbsp;<strong>Paola Valenzuela Pino.<\/strong><\/p>\n\n\n\n<p>Este proyecto se desarroll\u00f3 por segundo a\u00f1o consecutivo en receso invernal, impulsado por el profesor y encargado del CIIJUM,&nbsp;<strong>Alejandro Alvarado Subiabre<\/strong>, como un d\u00eda de esparcimiento, con todos los sectores del edificio ubicado en&nbsp;<strong>avenida Salvador Allende 0291 de Punta Arenas&nbsp;<\/strong>a disposici\u00f3n. \u201cAl final, son las ni\u00f1as y los ni\u00f1os los que conducen a sus pap\u00e1s por el edificio, ya que ellos conocen cada rinc\u00f3n y tienen sus favoritos. Los adultos disfrutan viendo como sus hijas e hijos juegan y se mueven\u201d, dijo.<\/p>\n\n\n\n<p>La apoderada&nbsp;<strong>Javiera Mu\u00f1oz<\/strong>, mam\u00e1 de&nbsp;<strong>Amelia Acevedo<\/strong>, de&nbsp;<strong>Medio Menor del establecimiento educacional \u201cColores del Viento\u201d,<\/strong>&nbsp;manifest\u00f3 pasarlo \u201cs\u00faper bien. Hay muchas salas de estimulaci\u00f3n, que refuerzan lo que se aprende en los jardines. Me gusta la integraci\u00f3n de las familias. Es como un mini gimnasio, donde gastamos energ\u00edas y nos distraemos en estas vacaciones\u201d.<\/p>\n\n\n\n<p>Finalmente, Paola Valenzuela concluy\u00f3 que es importante mantener esta iniciativa en los a\u00f1os por venir, como interesante alternativa para las familias de Punta Arenas en vacaciones de invierno.<\/p>\n","protected":false},"excerpt":{"rendered":"<p>\u201c\u2018Jugando en Familia en el Centro Interactivo Infantil de Juego y Movimiento (CIIJUM)\u2019&nbsp;brinda a las familias usuarias de los establecimientos educacionales de nuestra instituci\u00f3n este importante espacio, pensado para que&#8230; <a class=\"read-more\" href=\"https:\/\/www.radiopresidenteibanez.cl\/web\/las-familias-de-la-junji-disfrutaron-jugando-en-el-ciijum-en-vacaciones-de-invierno\/\">Leer m\u00e1s<\/a><\/p>\n","protected":false},"author":2,"featured_media":40975,"comment_status":"closed","ping_status":"closed","sticky":false,"template":"","format":"standard","meta":{"footnotes":""},"categories":[1],"tags":[],"class_list":["post-40974","post","type-post","status-publish","format-standard","has-post-thumbnail","hentry","category-cronica"],"_links":{"self":[{"href":"https:\/\/www.radiopresidenteibanez.cl\/web\/wp-json\/wp\/v2\/posts\/40974","targetHints":{"allow":["GET"]}}],"collection":[{"href":"https:\/\/www.radiopresidenteibanez.cl\/web\/wp-json\/wp\/v2\/posts"}],"about":[{"href":"https:\/\/www.radiopresidenteibanez.cl\/web\/wp-json\/wp\/v2\/types\/post"}],"author":[{"embeddable":true,"href":"https:\/\/www.radiopresidenteibanez.cl\/web\/wp-json\/wp\/v2\/users\/2"}],"replies":[{"embeddable":true,"href":"https:\/\/www.radiopresidenteibanez.cl\/web\/wp-json\/wp\/v2\/comments?post=40974"}],"version-history":[{"count":0,"href":"https:\/\/www.radiopresidenteibanez.cl\/web\/wp-json\/wp\/v2\/posts\/40974\/revisions"}],"wp:featuredmedia":[{"embeddable":true,"href":"https:\/\/www.radiopresidenteibanez.cl\/web\/wp-json\/wp\/v2\/media\/40975"}],"wp:attachment":[{"href":"https:\/\/www.radiopresidenteibanez.cl\/web\/wp-json\/wp\/v2\/media?parent=40974"}],"wp:term":[{"taxonomy":"category","embeddable":true,"href":"https:\/\/www.radiopresidenteibanez.cl\/web\/wp-json\/wp\/v2\/categories?post=40974"},{"taxonomy":"post_tag","embeddable":true,"href":"https:\/\/www.radiopresidenteibanez.cl\/web\/wp-json\/wp\/v2\/tags?post=40974"}],"curies":[{"name":"wp","href":"https:\/\/api.w.org\/{rel}","templated":true}]}}