{"id":40964,"date":"2023-07-07T14:40:00","date_gmt":"2023-07-07T17:40:00","guid":{"rendered":"https:\/\/www.radiopresidenteibanez.cl\/web\/?p=40964"},"modified":"2023-07-07T11:14:06","modified_gmt":"2023-07-07T14:14:06","slug":"hospital-de-natales-conmemora-5-anos-tras-la-implementacion-del-codigo-teleacv","status":"publish","type":"post","link":"https:\/\/www.radiopresidenteibanez.cl\/web\/hospital-de-natales-conmemora-5-anos-tras-la-implementacion-del-codigo-teleacv\/","title":{"rendered":"HOSPITAL DE NATALES CONMEMORA 5 A\u00d1OS TRAS LA IMPLEMENTACION DEL CODIGO TELEACV"},"content":{"rendered":"\n<p>Desde julio del a\u00f1o 2018, hace 5 a\u00f1os, se inici\u00f3 en el Hospital Dr. Augusto<br>Essmann Burgos de Puerto Natales el programa C\u00f3digo Tele-ACV; sistema<br>destinado a brindar atenci\u00f3n oportuna a las personas con sospecha de Ataque<br>Cerebro Vascular (ACV) agudo que consulten dentro de las primeras horas de<br>los s\u00edntomas.<br>El programa tiene el objetivo de equipar el manejo de las personas con<br>sospecha de ACV agudo que consultan en la Unidad de Emergencia del<br>Hospital de Puerto Natales con la misma calidad de atenci\u00f3n de las personas<br>atendidas en Hospital Cl\u00ednico de Magallanes en Punta Arenas, incorporando la<br>atenci\u00f3n por neur\u00f3logo mediante telemedicina, es decir, a trav\u00e9s de un video<br>consulta con el especialista en tiempo real.<br>En ese sentido, el Dr. Javier Gaete, neur\u00f3logo del Hospital Cl\u00ednico Magallanes<br>(HCM) de Punta Arenas, realiz\u00f3 una exposici\u00f3n en el auditorio del Hospital<br>natalino para conmemorar estos 5 a\u00f1os sobre la implementaci\u00f3n de Tele-ACV,<br>la cual trat\u00f3 principalmente de dar a conocer el rol de SAMU, Urgencias,<br>rehabilitaci\u00f3n post ACV, y de c\u00f3mo ha evolucionado el recinto asistencial<br>respecto a la preparaci\u00f3n\/coordinaci\u00f3n de las distintas unidades; evoluci\u00f3n de<br>la Unidad de Paciente Cr\u00edtico (UPC) y formaci\u00f3n del equipo multidisciplinar de<br>rehabilitaci\u00f3n.<\/p>\n\n\n\n<p>\u201cCon una charla dirigida a la comunidad, conmemoramos hoy los 5 a\u00f1os del<br>programa de telemedicina para el accidente cerebro vascular, el cual es un<br>sistema de atenci\u00f3n que consiste en atender a personas que est\u00e1n cursando<br>con los s\u00edntomas caracter\u00edsticos de la enfermedad durante las primeras de<br>evoluci\u00f3n donde se pueden hacer tratamientos que pueden cambiar la historia<br>natural de la enfermedad, lo que se denomina c\u00f3digo ACV, destinado a<br>cualquier persona que tiene uno de los tres s\u00edntomas principales; que es<br>par\u00e1lisis de un lado de la cara, p\u00e9rdida de fuerza de uno o ambos brazos, o<br>una dificultad para hablar o comunicarse, y que est\u00e9 con menos de 4 hrs y<br>media desde el inicio de los s\u00edntomas\u201d, destac\u00f3 el Dr. Javier Gaete.<br>Cabe destacar que, 143 pacientes han sido tratadas como c\u00f3digo ACV y 22<br>tromb\u00f3lisis en pacientes con infarto cerebral agudo hasta la fecha.<\/p>\n","protected":false},"excerpt":{"rendered":"<p>Desde julio del a\u00f1o 2018, hace 5 a\u00f1os, se inici\u00f3 en el Hospital Dr. AugustoEssmann Burgos de Puerto Natales el programa C\u00f3digo Tele-ACV; sistemadestinado a brindar atenci\u00f3n oportuna a las&#8230; <a class=\"read-more\" href=\"https:\/\/www.radiopresidenteibanez.cl\/web\/hospital-de-natales-conmemora-5-anos-tras-la-implementacion-del-codigo-teleacv\/\">Leer m\u00e1s<\/a><\/p>\n","protected":false},"author":2,"featured_media":40965,"comment_status":"closed","ping_status":"closed","sticky":false,"template":"","format":"standard","meta":{"footnotes":""},"categories":[1],"tags":[],"class_list":["post-40964","post","type-post","status-publish","format-standard","has-post-thumbnail","hentry","category-cronica"],"_links":{"self":[{"href":"https:\/\/www.radiopresidenteibanez.cl\/web\/wp-json\/wp\/v2\/posts\/40964","targetHints":{"allow":["GET"]}}],"collection":[{"href":"https:\/\/www.radiopresidenteibanez.cl\/web\/wp-json\/wp\/v2\/posts"}],"about":[{"href":"https:\/\/www.radiopresidenteibanez.cl\/web\/wp-json\/wp\/v2\/types\/post"}],"author":[{"embeddable":true,"href":"https:\/\/www.radiopresidenteibanez.cl\/web\/wp-json\/wp\/v2\/users\/2"}],"replies":[{"embeddable":true,"href":"https:\/\/www.radiopresidenteibanez.cl\/web\/wp-json\/wp\/v2\/comments?post=40964"}],"version-history":[{"count":0,"href":"https:\/\/www.radiopresidenteibanez.cl\/web\/wp-json\/wp\/v2\/posts\/40964\/revisions"}],"wp:featuredmedia":[{"embeddable":true,"href":"https:\/\/www.radiopresidenteibanez.cl\/web\/wp-json\/wp\/v2\/media\/40965"}],"wp:attachment":[{"href":"https:\/\/www.radiopresidenteibanez.cl\/web\/wp-json\/wp\/v2\/media?parent=40964"}],"wp:term":[{"taxonomy":"category","embeddable":true,"href":"https:\/\/www.radiopresidenteibanez.cl\/web\/wp-json\/wp\/v2\/categories?post=40964"},{"taxonomy":"post_tag","embeddable":true,"href":"https:\/\/www.radiopresidenteibanez.cl\/web\/wp-json\/wp\/v2\/tags?post=40964"}],"curies":[{"name":"wp","href":"https:\/\/api.w.org\/{rel}","templated":true}]}}