{"id":40948,"date":"2023-07-07T09:48:00","date_gmt":"2023-07-07T12:48:00","guid":{"rendered":"https:\/\/www.radiopresidenteibanez.cl\/web\/?p=40948"},"modified":"2023-07-07T08:53:42","modified_gmt":"2023-07-07T11:53:42","slug":"veintisiete-proyectos-reciben-apoyo-del-fondo-de-fortalecimiento-de-organizaciones-de-interes-publico-2023","status":"publish","type":"post","link":"https:\/\/www.radiopresidenteibanez.cl\/web\/veintisiete-proyectos-reciben-apoyo-del-fondo-de-fortalecimiento-de-organizaciones-de-interes-publico-2023\/","title":{"rendered":"VEINTISIETE PROYECTOS RECIBEN APOYO DEL FONDO DE FORTALECIMIENTO DE ORGANIZACIONES DE INTERES PUBLICO 2023"},"content":{"rendered":"\n<p>En el sal\u00f3n Gabriela Mistral de la Seremi de Educaci\u00f3n, se realiz\u00f3 este jueves<br>6 de julio la ceremonia de adjudicaci\u00f3n del &nbsp;Fondo de Fortalecimiento de<br>Organizaciones de Inter\u00e9s P\u00fablico (FFOIP), para organizaciones de Punta<br>Arenas. La actividad fue encabezada por el seremi de Gobierno, Andro Mimica,<br>y el encargado de la Divisi\u00f3n de Organizaciones Sociales (DOS), Daniel Oyarzo,<br>quienes entregaron los&nbsp; certificados de adjudicaci\u00f3n a las y los representantes<br>de 18 proyectos de la ciudad Punta Arenas.<br>A nivel regional, 80 iniciativas postularon en el concurso 2023 del Fondo de<br>Fortalecimiento. Esto significa un aumento de un 61% respecto del a\u00f1o 2022.<br>Posteriormente, estas iniciativas fueron sometidas a evaluaci\u00f3n por parte de<br>los equipos t\u00e9cnicos de la seremi de Gobierno, y la adjudicaci\u00f3n de recursos<br>fue realizada por el consejo regional del FFOIP, conformado por los seremi de<br>Gobierno y Desarrollo Social, cinco representantes de la sociedad civil, y dos<br>miembros del Gobierno Regional.<br>El seremi de Gobierno, Andro Mimica, refiri\u00e9ndose al apoyo de los fondos en<br>toda la regi\u00f3n, expres\u00f3: \u201cEstamos entregando fondos en Puerto Williams, y en<br>Porvenir. Estaremos entregando fondos la pr\u00f3xima semana en Puerto Natales y<br>hoy en Punta Arenas. Son casi 53 millones que se est\u00e1n distribuyendo en 27<br>organizaciones. Cada una de ella tuvo sus motivos, tenemos agrupaciones de<br>adultos mayores, territoriales, deportivas y algunas funcionales que se han<br>adjudicado estos fondos.<br>El vocero de Gobierno agreg\u00f3 que son ellos mismos los que nos van marcando<br>el territorio, y saben de primera mano cu\u00e1les son sus principales falencias. Y<\/p>\n\n\n\n<p>COMUNICADO DE PRENSA<br>nosotros gustosamente los vamos a acompa\u00f1ar. Es primera vez que hemos<br>duplicado la cantidad de postulaciones y ese resultado es gracias a un trabajo<br>que se hace en terreno, y este es el fruto, lo que vemos hoy d\u00eda, un espacio<br>lleno de vecinos y vecinas que estaban muy contentos porque gracias a los<br>fondos de la Secretaria General de Gobierno van a poder implementar sus<br>proyectos.<br>Daniel Oyarzo, encargado de la Divisi\u00f3n de Organizaciones Sociales explic\u00f3 que<br>fueron un total de 27 iniciativas las seleccionadas para los fondos de este a\u00f1o.<br>Los beneficiados recibieron un m\u00e1ximo de $2 millones cuando se trat\u00f3 de<br>proyectos de alcance comunal; y un m\u00e1ximo de $4 millones para aquellos de<br>car\u00e1cter regional.<br>En el concurso FFOIP 2023, se puso \u00e9nfasis en los proyectos que promueven la<br>participaci\u00f3n ciudadana y la asociatividad, en especial en los territorios<br>prioritarios. Adem\u00e1s, se incorpor\u00f3 el enfoque de g\u00e9nero en la formulaci\u00f3n de<br>proyectos y se valoraron aquellos que promueven la inclusi\u00f3n,&nbsp; la equidad<br>social y&nbsp; el cuidado del medioambiente.&nbsp;<br>Norma Meya, de la organizaci\u00f3n Mujeres Creativas del Barrio San Miguel<br>reconoci\u00f3 que la comunidad a la que representa ten\u00eda \u201cla necesidad de una<br>capacitaci\u00f3n de formaci\u00f3n digital porque a nosotras como adulta mayor nos<br>cuesta mucho subir a la plataforma nuestra postulaci\u00f3n cuando hay proyectos,<br>tenemos que estar molestando a otras personas, por eso necesitamos este<br>apoyo\u201d.<br>Gladys Hern\u00e1ndez, de la Junta de Vecinos de Villa las Nieves, coment\u00f3 que<br>como organizaci\u00f3n es la segunda vez que postulan a un FFOIP. El a\u00f1o pasado,<br>el proyecto de yoga para ni\u00f1os y adultos, tuvo una muy buena recepci\u00f3n, de<br>esta forma lograron entregar un servicio gratuito y al mismo tiempo, involucrar<br>a los vecinos con las actividades de la Junta de Vecinos.<br>Para m\u00e1s informaci\u00f3n sobre el Fondo de Fortalecimiento de Organizaciones de<br>Inter\u00e9s P\u00fablico&nbsp;visita:&nbsp;https:\/\/fondodefortalecimiento.gob.cl\/<\/p>\n","protected":false},"excerpt":{"rendered":"<p>En el sal\u00f3n Gabriela Mistral de la Seremi de Educaci\u00f3n, se realiz\u00f3 este jueves6 de julio la ceremonia de adjudicaci\u00f3n del &nbsp;Fondo de Fortalecimiento deOrganizaciones de Inter\u00e9s P\u00fablico (FFOIP), para&#8230; <a class=\"read-more\" href=\"https:\/\/www.radiopresidenteibanez.cl\/web\/veintisiete-proyectos-reciben-apoyo-del-fondo-de-fortalecimiento-de-organizaciones-de-interes-publico-2023\/\">Leer m\u00e1s<\/a><\/p>\n","protected":false},"author":2,"featured_media":40949,"comment_status":"closed","ping_status":"closed","sticky":false,"template":"","format":"standard","meta":{"footnotes":""},"categories":[1],"tags":[],"class_list":["post-40948","post","type-post","status-publish","format-standard","has-post-thumbnail","hentry","category-cronica"],"_links":{"self":[{"href":"https:\/\/www.radiopresidenteibanez.cl\/web\/wp-json\/wp\/v2\/posts\/40948","targetHints":{"allow":["GET"]}}],"collection":[{"href":"https:\/\/www.radiopresidenteibanez.cl\/web\/wp-json\/wp\/v2\/posts"}],"about":[{"href":"https:\/\/www.radiopresidenteibanez.cl\/web\/wp-json\/wp\/v2\/types\/post"}],"author":[{"embeddable":true,"href":"https:\/\/www.radiopresidenteibanez.cl\/web\/wp-json\/wp\/v2\/users\/2"}],"replies":[{"embeddable":true,"href":"https:\/\/www.radiopresidenteibanez.cl\/web\/wp-json\/wp\/v2\/comments?post=40948"}],"version-history":[{"count":0,"href":"https:\/\/www.radiopresidenteibanez.cl\/web\/wp-json\/wp\/v2\/posts\/40948\/revisions"}],"wp:featuredmedia":[{"embeddable":true,"href":"https:\/\/www.radiopresidenteibanez.cl\/web\/wp-json\/wp\/v2\/media\/40949"}],"wp:attachment":[{"href":"https:\/\/www.radiopresidenteibanez.cl\/web\/wp-json\/wp\/v2\/media?parent=40948"}],"wp:term":[{"taxonomy":"category","embeddable":true,"href":"https:\/\/www.radiopresidenteibanez.cl\/web\/wp-json\/wp\/v2\/categories?post=40948"},{"taxonomy":"post_tag","embeddable":true,"href":"https:\/\/www.radiopresidenteibanez.cl\/web\/wp-json\/wp\/v2\/tags?post=40948"}],"curies":[{"name":"wp","href":"https:\/\/api.w.org\/{rel}","templated":true}]}}