{"id":40945,"date":"2023-07-07T08:31:31","date_gmt":"2023-07-07T11:31:31","guid":{"rendered":"https:\/\/www.radiopresidenteibanez.cl\/web\/?p=40945"},"modified":"2023-07-07T08:48:20","modified_gmt":"2023-07-07T11:48:20","slug":"presidente-de-italia-conocio-la-historia-y-la-ubicacion-estrategica-de-magallanes-en-el-parque-del-estrecho","status":"publish","type":"post","link":"https:\/\/www.radiopresidenteibanez.cl\/web\/presidente-de-italia-conocio-la-historia-y-la-ubicacion-estrategica-de-magallanes-en-el-parque-del-estrecho\/","title":{"rendered":"PRESIDENTE DE ITALIA CONOCIO LA HISTORIA Y LA UBICACION ESTRATEGICA DE MAGALLANES EN EL PARQUE DEL ESTRECHO"},"content":{"rendered":"\n<p>Como parte de su visita a nuestro pa\u00eds, el presidente de Italia,<br>Sergio Mattarella, lleg\u00f3 a Magallanes.<br>Dentro de su corto itinerario, esta ma\u00f1ana se traslad\u00f3 al Parque del Estrecho de<br>Magallanes, oportunidad en la que conoci\u00f3 de cerca la belleza natural y la importancia<br>hist\u00f3rica de esta emblem\u00e1tica \u00e1rea protegida.<br>El recorrido se inici\u00f3 en Fuerte Bulnes, donde el presidente de Italia, junto a su comitiva<br>visitaron el primer asentamiento chileno, que data de 1843. Luego, se desplazaron hasta<br>uno de los miradores donde pudieron contemplar la naturaleza y la vista privilegiada del<br>Estrecho de Magallanes.<br>\u201cNos sentimos muy orgullosos de haber sido parte de este breve recorrido del presidente<br>Mattarella por nuestra regi\u00f3n, y por este parque que conserva y rescata el patrimonio y la<br>naturaleza del extremo austral. Desde aqu\u00ed se pudo dar una idea de la importancia<br>geopol\u00edtica que tiene Magallanes y su historia\u201d, destac\u00f3 Jamie Twyman, directora del<br>Parque del Estrecho.<br>El encargado de guiar el recorrido fue Jaime Maynard, coordinador de visitas del Parque<br>del Estrecho de Magallanes, que coment\u00f3 \u201clo invitamos a conocer Fuerte Bulnes, que es<br>uno de los principales atractivos del parque. Le agrad\u00f3 mucho, disfrut\u00f3 de la vista del<br>estrecho y Tierra del Fuego. Asimismo, coment\u00f3 que su visita a Magallanes estaba<br>motivada principalmente por el tema ant\u00e1rtico, y como \u00faltimo mensaje nos dej\u00f3 que le<br>agrad\u00f3 mucho la calidad humana de los habitantes de Patagonia\u201d.<br>En tanto, la gerente general del parque, Ximena Castro, resalt\u00f3 que \u201cel Parque del<br>Estrecho de Magallanes se ha ido transformando y consolidado como uno de los lugares<br>de visita obligada para quienes llegan a Magallanes, y eso no solamente para los turistas,<br>sino que tambi\u00e9n para visitas especiales, como en este caso la del presidente de Italia,<br>Sergio Mattarella. Esto nos tiene tremendamente orgullosos porque desde el Parque del<br>Estrecho hemos podido mostrar a los magall\u00e1nicos, a los chilenos y a los extranjeros, la<br>importancia que tiene este lugar en t\u00e9rminos geogr\u00e1ficos, hist\u00f3ricos y arqueol\u00f3gicos\u201d.<br>Finalmente, coment\u00f3 que como Parque del Estrecho de Magallanes seguir\u00e1n trabajando<br>para desarrollar e intensificar el v\u00ednculo con la comunidad, para proporcionar a los turistas<\/p>\n\n\n\n<p>y magall\u00e1nicos una experiencia que releve la riqueza hist\u00f3rica y belleza de la regi\u00f3n,<br>fortaleciendo la oferta de servicios que actualmente se entregan.<\/p>\n","protected":false},"excerpt":{"rendered":"<p>Como parte de su visita a nuestro pa\u00eds, el presidente de Italia,Sergio Mattarella, lleg\u00f3 a Magallanes.Dentro de su corto itinerario, esta ma\u00f1ana se traslad\u00f3 al Parque del Estrecho deMagallanes, oportunidad&#8230; <a class=\"read-more\" href=\"https:\/\/www.radiopresidenteibanez.cl\/web\/presidente-de-italia-conocio-la-historia-y-la-ubicacion-estrategica-de-magallanes-en-el-parque-del-estrecho\/\">Leer m\u00e1s<\/a><\/p>\n","protected":false},"author":2,"featured_media":40946,"comment_status":"closed","ping_status":"closed","sticky":false,"template":"","format":"standard","meta":{"footnotes":""},"categories":[1],"tags":[],"class_list":["post-40945","post","type-post","status-publish","format-standard","has-post-thumbnail","hentry","category-cronica"],"_links":{"self":[{"href":"https:\/\/www.radiopresidenteibanez.cl\/web\/wp-json\/wp\/v2\/posts\/40945","targetHints":{"allow":["GET"]}}],"collection":[{"href":"https:\/\/www.radiopresidenteibanez.cl\/web\/wp-json\/wp\/v2\/posts"}],"about":[{"href":"https:\/\/www.radiopresidenteibanez.cl\/web\/wp-json\/wp\/v2\/types\/post"}],"author":[{"embeddable":true,"href":"https:\/\/www.radiopresidenteibanez.cl\/web\/wp-json\/wp\/v2\/users\/2"}],"replies":[{"embeddable":true,"href":"https:\/\/www.radiopresidenteibanez.cl\/web\/wp-json\/wp\/v2\/comments?post=40945"}],"version-history":[{"count":0,"href":"https:\/\/www.radiopresidenteibanez.cl\/web\/wp-json\/wp\/v2\/posts\/40945\/revisions"}],"wp:featuredmedia":[{"embeddable":true,"href":"https:\/\/www.radiopresidenteibanez.cl\/web\/wp-json\/wp\/v2\/media\/40946"}],"wp:attachment":[{"href":"https:\/\/www.radiopresidenteibanez.cl\/web\/wp-json\/wp\/v2\/media?parent=40945"}],"wp:term":[{"taxonomy":"category","embeddable":true,"href":"https:\/\/www.radiopresidenteibanez.cl\/web\/wp-json\/wp\/v2\/categories?post=40945"},{"taxonomy":"post_tag","embeddable":true,"href":"https:\/\/www.radiopresidenteibanez.cl\/web\/wp-json\/wp\/v2\/tags?post=40945"}],"curies":[{"name":"wp","href":"https:\/\/api.w.org\/{rel}","templated":true}]}}