{"id":40942,"date":"2023-07-06T16:05:45","date_gmt":"2023-07-06T19:05:45","guid":{"rendered":"https:\/\/www.radiopresidenteibanez.cl\/web\/?p=40942"},"modified":"2023-07-06T16:06:04","modified_gmt":"2023-07-06T19:06:04","slug":"comenzo-la-entrega-de-kits-para-el-chapuzon-2023","status":"publish","type":"post","link":"https:\/\/www.radiopresidenteibanez.cl\/web\/comenzo-la-entrega-de-kits-para-el-chapuzon-2023\/","title":{"rendered":"COMENZ\u00d3 LA ENTREGA DE KITS PARA EL CHAPUZ\u00d3N 2023"},"content":{"rendered":"\n<p>Este jueves a las 10 de la ma\u00f1ana comenz\u00f3 el retiro de los KITS para los cerca de 6 mil inscritos en el Chapuz\u00f3n 2023, el cual se llevar\u00e1 a cabo el pr\u00f3ximo s\u00e1bado 8 de julio a partir de las 15 horas en el sector de las Letras PUNTA ARENAS.<\/p>\n\n\n\n<p>Mediante la implementaci\u00f3n de un c\u00f3digo QR, los primeros valientes llegaron hasta la Costanera de nuestra ciudad, para obtener el KIT y la pulsera que les permitir\u00e1 ingresar a la zona de lanzamiento y posteriormente, vivir la experiencia m\u00e1s g\u00e9lida de sus vidas.<\/p>\n\n\n\n<p>\u201cYa est\u00e1 todo listo y dispuesto para el Chapuz\u00f3n de este a\u00f1o, y esperamos que sea todo un \u00e9xito, ya que hemos tenido record de inscritos, as\u00ed que s\u00f3lo nos queda disfrutar de esta experiencia que se ha convertido en todo un hito tur\u00edstico\u201d, expres\u00f3 el Alcalde Claudio Radonich.<\/p>\n\n\n\n<p>Jos\u00e9 Luis Almonacid, encargado de eventos del municipio, recalc\u00f3 que \u201cestamos trabajando en todo lo que dice relaci\u00f3n con la log\u00edstica para el evento, por lo que ya est\u00e1 todo listo para las pruebas correspondientes\u201d. En cuanto a las recomendaciones, Almonacid dijo que \u201ces importante que las personas utilicen calzado acorde al lugar para no sufrir accidentes, que puedan llevar una toalla y obviamente, la pulsera que les permitir\u00e1 acceder al lugar de lanzamiento\u201d.<\/p>\n\n\n\n<p>El viernes contin\u00faa el retiro y entrega de KITS en el sector de las Letras Punta Arenas, desde las 10 y hasta las 16 horas, mientras que el d\u00eda del evento, los rezagados podr\u00e1n obtener su KIT, a partir de las 10, pero hasta las 13 horas.<\/p>\n\n\n\n<p>De igual forma, Radonich agradeci\u00f3 la colaboraci\u00f3n de Cerveza Austral y Blumar, quienes aportaron con la realizaci\u00f3n del evento, tanto en el financiamiento del show posterior que realizar\u00e1 FOREST, como con los KITS del Chapuz\u00f3n 2023.<\/p>\n","protected":false},"excerpt":{"rendered":"<p>Este jueves a las 10 de la ma\u00f1ana comenz\u00f3 el retiro de los KITS para los cerca de 6 mil inscritos en el Chapuz\u00f3n 2023, el cual se llevar\u00e1 a&#8230; <a class=\"read-more\" href=\"https:\/\/www.radiopresidenteibanez.cl\/web\/comenzo-la-entrega-de-kits-para-el-chapuzon-2023\/\">Leer m\u00e1s<\/a><\/p>\n","protected":false},"author":2,"featured_media":40943,"comment_status":"closed","ping_status":"closed","sticky":false,"template":"","format":"standard","meta":{"footnotes":""},"categories":[1],"tags":[],"class_list":["post-40942","post","type-post","status-publish","format-standard","has-post-thumbnail","hentry","category-cronica"],"_links":{"self":[{"href":"https:\/\/www.radiopresidenteibanez.cl\/web\/wp-json\/wp\/v2\/posts\/40942","targetHints":{"allow":["GET"]}}],"collection":[{"href":"https:\/\/www.radiopresidenteibanez.cl\/web\/wp-json\/wp\/v2\/posts"}],"about":[{"href":"https:\/\/www.radiopresidenteibanez.cl\/web\/wp-json\/wp\/v2\/types\/post"}],"author":[{"embeddable":true,"href":"https:\/\/www.radiopresidenteibanez.cl\/web\/wp-json\/wp\/v2\/users\/2"}],"replies":[{"embeddable":true,"href":"https:\/\/www.radiopresidenteibanez.cl\/web\/wp-json\/wp\/v2\/comments?post=40942"}],"version-history":[{"count":0,"href":"https:\/\/www.radiopresidenteibanez.cl\/web\/wp-json\/wp\/v2\/posts\/40942\/revisions"}],"wp:featuredmedia":[{"embeddable":true,"href":"https:\/\/www.radiopresidenteibanez.cl\/web\/wp-json\/wp\/v2\/media\/40943"}],"wp:attachment":[{"href":"https:\/\/www.radiopresidenteibanez.cl\/web\/wp-json\/wp\/v2\/media?parent=40942"}],"wp:term":[{"taxonomy":"category","embeddable":true,"href":"https:\/\/www.radiopresidenteibanez.cl\/web\/wp-json\/wp\/v2\/categories?post=40942"},{"taxonomy":"post_tag","embeddable":true,"href":"https:\/\/www.radiopresidenteibanez.cl\/web\/wp-json\/wp\/v2\/tags?post=40942"}],"curies":[{"name":"wp","href":"https:\/\/api.w.org\/{rel}","templated":true}]}}