{"id":40930,"date":"2023-07-06T16:34:00","date_gmt":"2023-07-06T19:34:00","guid":{"rendered":"https:\/\/www.radiopresidenteibanez.cl\/web\/?p=40930"},"modified":"2023-07-06T12:01:21","modified_gmt":"2023-07-06T15:01:21","slug":"comercio-local-se-suma-a-las-invernadas-2023-con-descuentos-y-promociones","status":"publish","type":"post","link":"https:\/\/www.radiopresidenteibanez.cl\/web\/comercio-local-se-suma-a-las-invernadas-2023-con-descuentos-y-promociones\/","title":{"rendered":"COMERCIO LOCAL SE SUMA A LAS INVERNADAS 2023 CON DESCUENTOS Y PROMOCIONES"},"content":{"rendered":"\n<p>Se viene el Chapuz\u00f3n y el Carnaval de Invierno 2023, y con ello diversas iniciativas locales que buscan potenciar el comercio y los atractivos tur\u00edsticos de Magallanes, por lo que desde el Municipio de Punta Arenas, se ha concretado la coordinaci\u00f3n con los distintos locatarios del centro de la ciudad, para que se sumen con promociones y descuentos asociados a estas dos actividades masivas que atraen a miles de visitantes durante las vacaciones.<\/p>\n\n\n\n<p>El Alcalde Claudio Radonich, agradeci\u00f3 la disposici\u00f3n de los distintos locatarios que se sumaron a la iniciativa, ya que seg\u00fan coment\u00f3, \u201cesta es una fiesta que comienza masivamente el pr\u00f3ximo s\u00e1bado 8 de julio, evento en el que esperamos al menos 6 mil personas, que son las inscritas para el Chapuz\u00f3n 2023, pero junto a ello los turistas y asistentes a las actividades que tenemos programadas para estos d\u00edas de invierno\u201d.<\/p>\n\n\n\n<p>\u201cLo que buscamos es que toda la ciudad se sume por medio del comercio, y la idea es que generen distintos descuentos y promociones vinculadas a las Invernadas de este a\u00f1o 2023, con el fin de atraer nuevos clientes\u201d, agreg\u00f3 el jefe comunal.<\/p>\n\n\n\n<p>En total, son 54 locales del comercio establecido en el Centro de Punta Arenas, los que se adhieren a las actividades de la Invernadas 2023, con un 10% de descuento a quienes presenten su pulsera del Chapuz\u00f3n, y un 5% al p\u00fablico en general.<\/p>\n\n\n\n<p>Las promociones comienzan este fin de semana y culminan el domingo 16 de julio, d\u00eda que se realiza la \u00faltima jornada del Carnaval de Invierno.<\/p>\n\n\n\n<p>Entre los lugares que adhieren a estas promociones se encuentran: El Mercado Municipal, el Centro Artesanal y la Cafeter\u00eda Selknam, ubicada en el Parque de los Dinosaurios. Asimismo, a trav\u00e9s de GastroPuq, son 19 los comercios asociados.<\/p>\n\n\n\n<p>Alextair Duncan, propietario de Cafeter\u00eda Selknam, dijo que \u201cest\u00e1n todos invitados de lunes a domingo de 14 a 22:30 horas, horario continuado, as\u00ed que contento con la invitaci\u00f3n que nos hicieron, as\u00ed que feliz que se pueda concretar\u201d.<\/p>\n\n\n\n<p>Desde el Mercado Municipal, Eliana Lastra, expuso que \u201ces bueno para todos y es una forma de reflejar lo que hacemos en nuestro Mercado, ya que es un incentivo para toda la gente que viene a nuestra ciudad durante esta fecha, a pesar del frio\u201d.<\/p>\n\n\n\n<p>De igual forma, Lidia D\u00edaz, representante del Centro Artesanal ubicado en calle 21 de mayo 1463, resalt\u00f3 la variedad de productos que ofrecen, tanto en lana, madera y artesan\u00eda regional.<\/p>\n\n\n\n<p>Por su parte, Claudia Grandi, secretaria de GastroPuq, expres\u00f3 que \u201cnos quisimos sumar a las festividades de las Invernadas, por lo que hemos concordado estos descuentos para el Chapuz\u00f3n y el Carnaval, por tanto, los esperamos en cada uno de los locales adheridos\u201d.<\/p>\n","protected":false},"excerpt":{"rendered":"<p>Se viene el Chapuz\u00f3n y el Carnaval de Invierno 2023, y con ello diversas iniciativas locales que buscan potenciar el comercio y los atractivos tur\u00edsticos de Magallanes, por lo que&#8230; <a class=\"read-more\" href=\"https:\/\/www.radiopresidenteibanez.cl\/web\/comercio-local-se-suma-a-las-invernadas-2023-con-descuentos-y-promociones\/\">Leer m\u00e1s<\/a><\/p>\n","protected":false},"author":2,"featured_media":40931,"comment_status":"closed","ping_status":"closed","sticky":false,"template":"","format":"standard","meta":{"footnotes":""},"categories":[1],"tags":[],"class_list":["post-40930","post","type-post","status-publish","format-standard","has-post-thumbnail","hentry","category-cronica"],"_links":{"self":[{"href":"https:\/\/www.radiopresidenteibanez.cl\/web\/wp-json\/wp\/v2\/posts\/40930","targetHints":{"allow":["GET"]}}],"collection":[{"href":"https:\/\/www.radiopresidenteibanez.cl\/web\/wp-json\/wp\/v2\/posts"}],"about":[{"href":"https:\/\/www.radiopresidenteibanez.cl\/web\/wp-json\/wp\/v2\/types\/post"}],"author":[{"embeddable":true,"href":"https:\/\/www.radiopresidenteibanez.cl\/web\/wp-json\/wp\/v2\/users\/2"}],"replies":[{"embeddable":true,"href":"https:\/\/www.radiopresidenteibanez.cl\/web\/wp-json\/wp\/v2\/comments?post=40930"}],"version-history":[{"count":0,"href":"https:\/\/www.radiopresidenteibanez.cl\/web\/wp-json\/wp\/v2\/posts\/40930\/revisions"}],"wp:featuredmedia":[{"embeddable":true,"href":"https:\/\/www.radiopresidenteibanez.cl\/web\/wp-json\/wp\/v2\/media\/40931"}],"wp:attachment":[{"href":"https:\/\/www.radiopresidenteibanez.cl\/web\/wp-json\/wp\/v2\/media?parent=40930"}],"wp:term":[{"taxonomy":"category","embeddable":true,"href":"https:\/\/www.radiopresidenteibanez.cl\/web\/wp-json\/wp\/v2\/categories?post=40930"},{"taxonomy":"post_tag","embeddable":true,"href":"https:\/\/www.radiopresidenteibanez.cl\/web\/wp-json\/wp\/v2\/tags?post=40930"}],"curies":[{"name":"wp","href":"https:\/\/api.w.org\/{rel}","templated":true}]}}