{"id":4093,"date":"2019-05-09T23:13:24","date_gmt":"2019-05-09T23:13:24","guid":{"rendered":"http:\/\/www.radiopresidenteibanez.cl\/web\/?p=4093"},"modified":"2019-05-09T23:13:58","modified_gmt":"2019-05-09T23:13:58","slug":"municipio-saludo-y-celebro-a-las-mamas-de-punta-arenas-en-su-dia","status":"publish","type":"post","link":"https:\/\/www.radiopresidenteibanez.cl\/web\/municipio-saludo-y-celebro-a-las-mamas-de-punta-arenas-en-su-dia\/","title":{"rendered":"MUNICIPIO SALUD\u00d3 Y CELEBR\u00d3 A LAS MAM\u00c1S DE PUNTA ARENAS EN SU D\u00cdA"},"content":{"rendered":"\n<p>350 mujeres de la comuna fueron homenajeadas este jueves (9\nde mayo) por el Municipio de Punta Arenas, a trav\u00e9s de la Direcci\u00f3n de\nDesarrollo Comunitario, en el marco de la conmemoraci\u00f3n del D\u00eda de la Madre.<\/p>\n\n\n\n<p>Durante la ma\u00f1ana, la Unidad de Adulto Mayor, organiz\u00f3 un\ndesayuno para 150 adultas mayores, quienes disfrutaron de una ma\u00f1ana musical en\nla sede, ubicada en Covadonga 063. <\/p>\n\n\n\n<p>M\u00e1s tarde, la Oficina Comunal de la Mujer organiz\u00f3 una once\nconcert para 200 asistentes, quienes cantaron y bailaron al son de la m\u00fasica de\nConstanza Meneses, y disfrutaron de la presentaci\u00f3n de Ernesto \u2018Chepo\u2019\nSep\u00falveda, adem\u00e1s de recibir distintos premios.&nbsp;\n<\/p>\n\n\n\n<p>\u201cCu\u00e1ntas abuelas siguen criando a los nietos, a los\nsobrinos, cu\u00e1ntas mujeres han dado su vida por otros ni\u00f1os. Por tanto, \u00e9sta es\nuna celebraci\u00f3n universal, no solamente para la madre biol\u00f3gica. As\u00ed que\ncontentos por la cantidad de vecinas que acudieron temprano a tomar desayuno en\nCovadonga, donde est\u00e1 la sede del adulto mayor, y ahora tuvimos otra\ncelebraci\u00f3n, pensando en las mujeres que trabajan\u201d, afirm\u00f3 el alcalde de Punta\nArenas, Claudio Radonich.<\/p>\n\n\n\n<p>Las agasajadas agradecieron el reconocimiento realizado,\ndonde pudieron disfrutar de un buen momento junto a sus pares. \u201cYo soy mam\u00e1 y\nsoy abuela, y vivo con un nieto. Para m\u00ed, mis nietos son unos hijos m\u00e1s, as\u00ed\nque muy feliz de contar con todos ellos\u201d, afirm\u00f3 Juana Ojeda.<\/p>\n\n\n\n<p>Por su parte, Olga Molina, quien asisti\u00f3 a la Once Concert, indic\u00f3 que ser mam\u00e1 es \u00abenriquecedor, porque en el D\u00eda de la Madre los hijos se vuelcan con todo el cari\u00f1o, los regaloneos, la organizaci\u00f3n, y siempre se agradece el reconocimiento de los hijos, y el cari\u00f1o es el mejor reconocimiento que un hijo pueda dar\u201d.\u00a0 <\/p>\n\n\n\n<figure class=\"wp-block-image\"><img loading=\"lazy\" decoding=\"async\" width=\"900\" height=\"600\" src=\"https:\/\/www.radiopresidenteibanez.cl\/web\/wp-content\/uploads\/2019\/05\/DSC_1520.jpg\" alt=\"\" class=\"wp-image-4094\" srcset=\"https:\/\/www.radiopresidenteibanez.cl\/web\/wp-content\/uploads\/2019\/05\/DSC_1520.jpg 900w, https:\/\/www.radiopresidenteibanez.cl\/web\/wp-content\/uploads\/2019\/05\/DSC_1520-300x200.jpg 300w, https:\/\/www.radiopresidenteibanez.cl\/web\/wp-content\/uploads\/2019\/05\/DSC_1520-768x512.jpg 768w\" sizes=\"auto, (max-width: 900px) 100vw, 900px\" \/><\/figure>\n","protected":false},"excerpt":{"rendered":"<p>350 mujeres de la comuna fueron homenajeadas este jueves (9 de mayo) por el Municipio de Punta Arenas, a trav\u00e9s de la Direcci\u00f3n de Desarrollo Comunitario, en el marco de&#8230; <a class=\"read-more\" href=\"https:\/\/www.radiopresidenteibanez.cl\/web\/municipio-saludo-y-celebro-a-las-mamas-de-punta-arenas-en-su-dia\/\">Leer m\u00e1s<\/a><\/p>\n","protected":false},"author":2,"featured_media":4094,"comment_status":"closed","ping_status":"closed","sticky":false,"template":"","format":"standard","meta":{"footnotes":""},"categories":[1],"tags":[],"class_list":["post-4093","post","type-post","status-publish","format-standard","has-post-thumbnail","hentry","category-cronica"],"_links":{"self":[{"href":"https:\/\/www.radiopresidenteibanez.cl\/web\/wp-json\/wp\/v2\/posts\/4093","targetHints":{"allow":["GET"]}}],"collection":[{"href":"https:\/\/www.radiopresidenteibanez.cl\/web\/wp-json\/wp\/v2\/posts"}],"about":[{"href":"https:\/\/www.radiopresidenteibanez.cl\/web\/wp-json\/wp\/v2\/types\/post"}],"author":[{"embeddable":true,"href":"https:\/\/www.radiopresidenteibanez.cl\/web\/wp-json\/wp\/v2\/users\/2"}],"replies":[{"embeddable":true,"href":"https:\/\/www.radiopresidenteibanez.cl\/web\/wp-json\/wp\/v2\/comments?post=4093"}],"version-history":[{"count":0,"href":"https:\/\/www.radiopresidenteibanez.cl\/web\/wp-json\/wp\/v2\/posts\/4093\/revisions"}],"wp:featuredmedia":[{"embeddable":true,"href":"https:\/\/www.radiopresidenteibanez.cl\/web\/wp-json\/wp\/v2\/media\/4094"}],"wp:attachment":[{"href":"https:\/\/www.radiopresidenteibanez.cl\/web\/wp-json\/wp\/v2\/media?parent=4093"}],"wp:term":[{"taxonomy":"category","embeddable":true,"href":"https:\/\/www.radiopresidenteibanez.cl\/web\/wp-json\/wp\/v2\/categories?post=4093"},{"taxonomy":"post_tag","embeddable":true,"href":"https:\/\/www.radiopresidenteibanez.cl\/web\/wp-json\/wp\/v2\/tags?post=4093"}],"curies":[{"name":"wp","href":"https:\/\/api.w.org\/{rel}","templated":true}]}}