{"id":40923,"date":"2023-07-06T13:45:00","date_gmt":"2023-07-06T16:45:00","guid":{"rendered":"https:\/\/www.radiopresidenteibanez.cl\/web\/?p=40923"},"modified":"2023-07-07T14:51:32","modified_gmt":"2023-07-07T17:51:32","slug":"jim-morrison-a-52-anos-de-su-muerte-en-el-ultimo-tren-a-casa","status":"publish","type":"post","link":"https:\/\/www.radiopresidenteibanez.cl\/web\/jim-morrison-a-52-anos-de-su-muerte-en-el-ultimo-tren-a-casa\/","title":{"rendered":"JIM MORRISON\u00a0 A\u00a0 52 A\u00d1OS DE SU MUERTE EN EL \u00daLTIMO TREN A CASA"},"content":{"rendered":"\n<p>Este viernes 7 de julio a partir de las 19 hrs. el programa&nbsp;<em>\u201cEl \u00faltimo tren a casa\u201d&nbsp;<\/em>que produce el&nbsp;<em>Colectivo Aczi\u00f3n Kultural<\/em>&nbsp;&nbsp;y&nbsp;&nbsp;que conduce&nbsp;<em>Pedro Guichapany<\/em>&nbsp;en radio Presidente Ib\u00e1\u00f1ez presenta una edici\u00f3n para recordar al cantante, compositor y poeta&nbsp;<em>JIM MORRISON<\/em>&nbsp;cuando se cumplen 52 a\u00f1os de su fallecimiento (03 de julio de 1971).<\/p>\n\n\n\n<p>La muerte del vocalista del grupo&nbsp;<em>\u201cThe Doors\u201d<\/em>&nbsp;conmocion\u00f3 a sus seguidores en el mundo entero, cuando en la madrugada del 3 de julio de 1971 en Par\u00eds, Francia, su cuerpo fue encontrado en la ba\u00f1era de su residencia, ubicado en el barrio bohemio de&nbsp;<em>\u00abLe Marais\u00bb<\/em>, en la capital francesa.<\/p>\n\n\n\n<p>El cuerpo del cantante fue enterrado en el cementerio&nbsp;<em>\u00abP\u00e8re Lachaise\u00bb<\/em>, que se ha convertido en uno de los m\u00e1s visitados de la ciudad, a tal punto que las autoridades han tenido que construir una valla de protecci\u00f3n para&nbsp;<em>\u201cevitar que la gente se acerque demasiado\u201d<\/em>.<\/p>\n\n\n\n<p>En el mismo cementerio est\u00e1n las tumbas de&nbsp;<em>Oscar Wilde, Fr\u00e9d\u00e9ric Chopin, Yves Montand y Edith Piaf<\/em>, entre otras reconocidas celebridades, pero la de&nbsp;<em>Jim Morrison<\/em>&nbsp;es la \u00fanica que siempre tiene restos de botellas de licor porque sus fan\u00e1ticos cumplen a diario el rito de tomarse un trago junto a la l\u00e1pida del \u00eddolo.<\/p>\n\n\n\n<p>Es recordado por ser un gran m\u00fasico y poeta, tambi\u00e9n se ha convertido en uno de los referentes malditos del rock, pues fue encontrado muerto en Par\u00eds hace m\u00e1s de 50 a\u00f1os y desde entonces se han multiplicado los mitos que giran en torno a su fallecimiento.<\/p>\n\n\n\n<p><em>Jim Morrison<\/em>&nbsp;es uno m\u00e1s de los integrantes del tr\u00e1gico \u201cClub de los 27\u2033, el listado de celebridades que incluye a m\u00fasicos populares, artistas y actores que perdieron la vida a los 27 a\u00f1os:&nbsp;<em>Brian Jones, Jimi Hendrix, Janis Joplin, Jim Morrison, Kurt Cobain y Amy Winehouse.<\/em><\/p>\n\n\n\n<p>El programa entregar\u00e1 un concierto del grupo&nbsp;<em>\u201cThe Doors\u201d<\/em>&nbsp;del mes de julio de 1968, solo tres a\u00f1os antes de la muerte de&nbsp;<em>Jim Morrison<\/em>.<\/p>\n\n\n\n<p>Radio Presidente Ib\u00e1\u00f1ez:<\/p>\n\n\n\n<p>&#8211;&nbsp;&nbsp;&nbsp;&nbsp;&nbsp;&nbsp;88.5 FM Punta Arenas y Porvenir<\/p>\n\n\n\n<p>&#8211;&nbsp;&nbsp;&nbsp;&nbsp;&nbsp;&nbsp;Canal 34 Tv Red Premium<\/p>\n\n\n\n<p>&#8211;&nbsp;&nbsp;&nbsp;&nbsp;&nbsp;&nbsp;Facebook live<\/p>\n\n\n\n<p>&#8211;&nbsp;&nbsp;&nbsp;&nbsp;&nbsp;&nbsp;<a href=\"http:\/\/www.radiopresidenteibanez.cl\/\" rel=\"noreferrer noopener\" target=\"_blank\">www.radiopresidenteibanez.cl<\/a><\/p>\n","protected":false},"excerpt":{"rendered":"<p>Este viernes 7 de julio a partir de las 19 hrs. el programa&nbsp;\u201cEl \u00faltimo tren a casa\u201d&nbsp;que produce el&nbsp;Colectivo Aczi\u00f3n Kultural&nbsp;&nbsp;y&nbsp;&nbsp;que conduce&nbsp;Pedro Guichapany&nbsp;en radio Presidente Ib\u00e1\u00f1ez presenta una edici\u00f3n para&#8230; <a class=\"read-more\" href=\"https:\/\/www.radiopresidenteibanez.cl\/web\/jim-morrison-a-52-anos-de-su-muerte-en-el-ultimo-tren-a-casa\/\">Leer m\u00e1s<\/a><\/p>\n","protected":false},"author":2,"featured_media":40924,"comment_status":"closed","ping_status":"closed","sticky":false,"template":"","format":"standard","meta":{"footnotes":""},"categories":[4],"tags":[],"class_list":["post-40923","post","type-post","status-publish","format-standard","has-post-thumbnail","hentry","category-entretenimiento-y-cultura"],"_links":{"self":[{"href":"https:\/\/www.radiopresidenteibanez.cl\/web\/wp-json\/wp\/v2\/posts\/40923","targetHints":{"allow":["GET"]}}],"collection":[{"href":"https:\/\/www.radiopresidenteibanez.cl\/web\/wp-json\/wp\/v2\/posts"}],"about":[{"href":"https:\/\/www.radiopresidenteibanez.cl\/web\/wp-json\/wp\/v2\/types\/post"}],"author":[{"embeddable":true,"href":"https:\/\/www.radiopresidenteibanez.cl\/web\/wp-json\/wp\/v2\/users\/2"}],"replies":[{"embeddable":true,"href":"https:\/\/www.radiopresidenteibanez.cl\/web\/wp-json\/wp\/v2\/comments?post=40923"}],"version-history":[{"count":0,"href":"https:\/\/www.radiopresidenteibanez.cl\/web\/wp-json\/wp\/v2\/posts\/40923\/revisions"}],"wp:featuredmedia":[{"embeddable":true,"href":"https:\/\/www.radiopresidenteibanez.cl\/web\/wp-json\/wp\/v2\/media\/40924"}],"wp:attachment":[{"href":"https:\/\/www.radiopresidenteibanez.cl\/web\/wp-json\/wp\/v2\/media?parent=40923"}],"wp:term":[{"taxonomy":"category","embeddable":true,"href":"https:\/\/www.radiopresidenteibanez.cl\/web\/wp-json\/wp\/v2\/categories?post=40923"},{"taxonomy":"post_tag","embeddable":true,"href":"https:\/\/www.radiopresidenteibanez.cl\/web\/wp-json\/wp\/v2\/tags?post=40923"}],"curies":[{"name":"wp","href":"https:\/\/api.w.org\/{rel}","templated":true}]}}