{"id":4090,"date":"2019-05-09T23:08:15","date_gmt":"2019-05-09T23:08:15","guid":{"rendered":"http:\/\/www.radiopresidenteibanez.cl\/web\/?p=4090"},"modified":"2019-05-09T23:08:51","modified_gmt":"2019-05-09T23:08:51","slug":"municipalidad-de-porvenir-firma-convenio-de-colaboracion-con-el-club-deportivo-magallanes","status":"publish","type":"post","link":"https:\/\/www.radiopresidenteibanez.cl\/web\/municipalidad-de-porvenir-firma-convenio-de-colaboracion-con-el-club-deportivo-magallanes\/","title":{"rendered":"MUNICIPALIDAD DE PORVENIR FIRMA CONVENIO DE COLABORACI\u00d3N CON EL CLUB DEPORTIVO MAGALLANES"},"content":{"rendered":"\n<p>La Municipalidad de\nPorvenir, junto a la Corporaci\u00f3n Municipal de Deportes, buscan fomentar y\ndifundir los estilos de vida saludables, promocionando la actividad f\u00edsica a\ntrav\u00e9s de las diversas actividades deportivas y recreativas. Es por lo anterior\nque decidi\u00f3 implementar este convenio que pretende traer la experiencia de un\nclub de futbol chileno y lograr ser un aporte para las futuras estrellas del\nbalompi\u00e9 nacional.<\/p>\n\n\n\n<p>En espec\u00edfico, el convenio\nconsiste en estandarizar el nivel de formaci\u00f3n de los ni\u00f1os y ni\u00f1as, tambi\u00e9n capacitar\na los profesores para que tengan a\u00fan, un mejor nivel de&nbsp; formaci\u00f3n con sus alumnos, adem\u00e1s entregar\ntodo el apoyo del club Magallanes desde la capital y que la escuela de f\u00fatbol\nmunicipal de Porvenir, tenga un vinculo concreto y formal con el club profesional.\n<\/p>\n\n\n\n<p>\u201cHay que seguir potenciando\nel deporte en los peque\u00f1os, darle las herramientas necesarias para que puedan\ndesarrollar sus talentos. Por eso como Corporaci\u00f3n estamos siempre presentes\napoyando el deporte en las nuevas generaciones. Queremos buenos deportistas\npara nuestra comuna y para el pa\u00eds\u201d, se\u00f1al\u00f3&nbsp;\nel director ejecutivo de la Corporaci\u00f3n Municipal de Deportes Andr\u00e9s\nL\u00f3pez Espa\u00f1a.<\/p>\n\n\n\n<p>Por su parte, el presidente\ndel club Magallanes, Cristian Ugalde, coment\u00f3 que \u201ccreemos que es una excelente\noportunidad para compartir conocimiento, estamos muy contentos de trabajar con\nla municipalidad de Porvenir y del convenio que hemos firmado\u201d.<\/p>\n\n\n\n<p>Por \u00faltimo, la alcaldesa Marisol Andrade C\u00e1rdenas, manifest\u00f3 que \u201ccon la firma de este convenio vamos a tener capacitaciones, encuentros deportivos y seguramente en un futuro muy cercano llevaremos a nuestras ni\u00f1os a la capital, de tal manera de hacerlos crecer en el deporte, pero tambi\u00e9n cultivando y fortaleciendo las habilidades y valores como personas\u201d.<\/p>\n\n\n\n<figure class=\"wp-block-image\"><img loading=\"lazy\" decoding=\"async\" width=\"900\" height=\"506\" src=\"https:\/\/www.radiopresidenteibanez.cl\/web\/wp-content\/uploads\/2019\/05\/Firma-Convenio-2.jpg\" alt=\"\" class=\"wp-image-4091\" srcset=\"https:\/\/www.radiopresidenteibanez.cl\/web\/wp-content\/uploads\/2019\/05\/Firma-Convenio-2.jpg 900w, https:\/\/www.radiopresidenteibanez.cl\/web\/wp-content\/uploads\/2019\/05\/Firma-Convenio-2-300x169.jpg 300w, https:\/\/www.radiopresidenteibanez.cl\/web\/wp-content\/uploads\/2019\/05\/Firma-Convenio-2-768x432.jpg 768w\" sizes=\"auto, (max-width: 900px) 100vw, 900px\" \/><\/figure>\n","protected":false},"excerpt":{"rendered":"<p>La Municipalidad de Porvenir, junto a la Corporaci\u00f3n Municipal de Deportes, buscan fomentar y difundir los estilos de vida saludables, promocionando la actividad f\u00edsica a trav\u00e9s de las diversas actividades&#8230; <a class=\"read-more\" href=\"https:\/\/www.radiopresidenteibanez.cl\/web\/municipalidad-de-porvenir-firma-convenio-de-colaboracion-con-el-club-deportivo-magallanes\/\">Leer m\u00e1s<\/a><\/p>\n","protected":false},"author":2,"featured_media":4091,"comment_status":"closed","ping_status":"closed","sticky":false,"template":"","format":"standard","meta":{"footnotes":""},"categories":[1],"tags":[],"class_list":["post-4090","post","type-post","status-publish","format-standard","has-post-thumbnail","hentry","category-cronica"],"_links":{"self":[{"href":"https:\/\/www.radiopresidenteibanez.cl\/web\/wp-json\/wp\/v2\/posts\/4090","targetHints":{"allow":["GET"]}}],"collection":[{"href":"https:\/\/www.radiopresidenteibanez.cl\/web\/wp-json\/wp\/v2\/posts"}],"about":[{"href":"https:\/\/www.radiopresidenteibanez.cl\/web\/wp-json\/wp\/v2\/types\/post"}],"author":[{"embeddable":true,"href":"https:\/\/www.radiopresidenteibanez.cl\/web\/wp-json\/wp\/v2\/users\/2"}],"replies":[{"embeddable":true,"href":"https:\/\/www.radiopresidenteibanez.cl\/web\/wp-json\/wp\/v2\/comments?post=4090"}],"version-history":[{"count":0,"href":"https:\/\/www.radiopresidenteibanez.cl\/web\/wp-json\/wp\/v2\/posts\/4090\/revisions"}],"wp:featuredmedia":[{"embeddable":true,"href":"https:\/\/www.radiopresidenteibanez.cl\/web\/wp-json\/wp\/v2\/media\/4091"}],"wp:attachment":[{"href":"https:\/\/www.radiopresidenteibanez.cl\/web\/wp-json\/wp\/v2\/media?parent=4090"}],"wp:term":[{"taxonomy":"category","embeddable":true,"href":"https:\/\/www.radiopresidenteibanez.cl\/web\/wp-json\/wp\/v2\/categories?post=4090"},{"taxonomy":"post_tag","embeddable":true,"href":"https:\/\/www.radiopresidenteibanez.cl\/web\/wp-json\/wp\/v2\/tags?post=4090"}],"curies":[{"name":"wp","href":"https:\/\/api.w.org\/{rel}","templated":true}]}}