{"id":409,"date":"2019-01-13T16:37:27","date_gmt":"2019-01-13T16:37:27","guid":{"rendered":"http:\/\/www.radiopresidenteibanez.cl\/web\/?p=409"},"modified":"2019-01-13T16:38:00","modified_gmt":"2019-01-13T16:38:00","slug":"mujeres-de-las-distintas-etnias-indigenas-de-nuestro-pais-llegaron-hasta-las-dependencias-del-registro-civil-para-realizar-cambio-de-carne-con-sus-vestimentas-tipicas","status":"publish","type":"post","link":"https:\/\/www.radiopresidenteibanez.cl\/web\/mujeres-de-las-distintas-etnias-indigenas-de-nuestro-pais-llegaron-hasta-las-dependencias-del-registro-civil-para-realizar-cambio-de-carne-con-sus-vestimentas-tipicas\/","title":{"rendered":"MUJERES DE LAS DISTINTAS ETNIAS IND\u00cdGENAS DE NUESTRO PA\u00cdS LLEGARON HASTA LAS DEPENDENCIAS DEL REGISTRO CIVIL PARA REALIZAR CAMBIO DE CARN\u00c9 CON SUS VESTIMENTAS T\u00cdPICAS"},"content":{"rendered":"\n<p>El pasado s\u00e1bado hasta las\ndependencias del Registro Civil de Punta Arenas, llegaron medio centenar de mujeres\nquienes realizaron su renovaci\u00f3n de carn\u00e9, pero ahora con sus trajes t\u00edpicos\nque identifican a cada etnia a la que pertenecen, esta es una campa\u00f1a que se\nlleva a nivel nacional donde miles de mujeres podr\u00e1n renovar su identificaci\u00f3n.<\/p>\n\n\n\n<p>Hace unos a\u00f1os atr\u00e1s, era\nimposible por una pol\u00edtica interna del Registro Civil, que las personas\npudieran usar alg\u00fan tipo de prenda que tapara parte de su rostro o cabeza, fue\npor esto que una gran cantidad de personas pertenecientes a las distintas\netnias de nuestro pa\u00eds en conversaci\u00f3n con el Director Nacional del Registro\nCivil, lograron que fueran aceptados con sus atuendos.<\/p>\n\n\n\n<p>Una de las renovantes, Cecilia Llanll\u00e1n,\nquien pertenece a la cultura Kaweskar, manifest\u00f3 que \u201ces importante que la\ncultura de los pueblos originarios de nuestro pa\u00eds, se puedan ver resaltados en\ndiferentes instancias, y que mejor ejemplo el que podamos vestir nuestros atuendos\nen nuestra c\u00e9dula de identidad\u201d. <\/p>\n\n\n\n<p>Cabe mencionar que esta situaci\u00f3n fue un gran avance para nuestros pueblos originarios, pero que a\u00fan esperan que se pueda agregar sus nombres de origen en sus cedulas de identidad.<\/p>\n\n\n\n<ul class=\"wp-block-gallery columns-2 is-cropped wp-block-gallery-1 is-layout-flex wp-block-gallery-is-layout-flex\"><li class=\"blocks-gallery-item\"><figure><img loading=\"lazy\" decoding=\"async\" width=\"1024\" height=\"768\" src=\"http:\/\/www.radiopresidenteibanez.cl\/web\/wp-content\/uploads\/2019\/01\/IMG_20190112_101657-1024x768.jpg\" alt=\"\" data-id=\"410\" data-link=\"http:\/\/www.radiopresidenteibanez.cl\/web\/?attachment_id=410\" class=\"wp-image-410\" srcset=\"https:\/\/www.radiopresidenteibanez.cl\/web\/wp-content\/uploads\/2019\/01\/IMG_20190112_101657-1024x768.jpg 1024w, https:\/\/www.radiopresidenteibanez.cl\/web\/wp-content\/uploads\/2019\/01\/IMG_20190112_101657-300x225.jpg 300w, https:\/\/www.radiopresidenteibanez.cl\/web\/wp-content\/uploads\/2019\/01\/IMG_20190112_101657-768x576.jpg 768w\" sizes=\"auto, (max-width: 1024px) 100vw, 1024px\" \/><figcaption>Registro Civil<\/figcaption><\/figure><\/li><li class=\"blocks-gallery-item\"><figure><img loading=\"lazy\" decoding=\"async\" width=\"1024\" height=\"768\" src=\"http:\/\/www.radiopresidenteibanez.cl\/web\/wp-content\/uploads\/2019\/01\/IMG_20190112_102448-1024x768.jpg\" alt=\"\" data-id=\"411\" data-link=\"http:\/\/www.radiopresidenteibanez.cl\/web\/?attachment_id=411\" class=\"wp-image-411\" srcset=\"https:\/\/www.radiopresidenteibanez.cl\/web\/wp-content\/uploads\/2019\/01\/IMG_20190112_102448-1024x768.jpg 1024w, https:\/\/www.radiopresidenteibanez.cl\/web\/wp-content\/uploads\/2019\/01\/IMG_20190112_102448-300x225.jpg 300w, https:\/\/www.radiopresidenteibanez.cl\/web\/wp-content\/uploads\/2019\/01\/IMG_20190112_102448-768x576.jpg 768w\" sizes=\"auto, (max-width: 1024px) 100vw, 1024px\" \/><figcaption>Registro Civil<\/figcaption><\/figure><\/li><li class=\"blocks-gallery-item\"><figure><img loading=\"lazy\" decoding=\"async\" width=\"1024\" height=\"768\" src=\"http:\/\/www.radiopresidenteibanez.cl\/web\/wp-content\/uploads\/2019\/01\/IMG_20190112_103238-1024x768.jpg\" alt=\"\" data-id=\"412\" data-link=\"http:\/\/www.radiopresidenteibanez.cl\/web\/?attachment_id=412\" class=\"wp-image-412\" srcset=\"https:\/\/www.radiopresidenteibanez.cl\/web\/wp-content\/uploads\/2019\/01\/IMG_20190112_103238-1024x768.jpg 1024w, https:\/\/www.radiopresidenteibanez.cl\/web\/wp-content\/uploads\/2019\/01\/IMG_20190112_103238-300x225.jpg 300w, https:\/\/www.radiopresidenteibanez.cl\/web\/wp-content\/uploads\/2019\/01\/IMG_20190112_103238-768x576.jpg 768w\" sizes=\"auto, (max-width: 1024px) 100vw, 1024px\" \/><figcaption>Registro Civil<\/figcaption><\/figure><\/li><li class=\"blocks-gallery-item\"><figure><img loading=\"lazy\" decoding=\"async\" width=\"1024\" height=\"768\" src=\"http:\/\/www.radiopresidenteibanez.cl\/web\/wp-content\/uploads\/2019\/01\/IMG_20190112_104239-1024x768.jpg\" alt=\"\" data-id=\"413\" data-link=\"http:\/\/www.radiopresidenteibanez.cl\/web\/?attachment_id=413\" class=\"wp-image-413\" srcset=\"https:\/\/www.radiopresidenteibanez.cl\/web\/wp-content\/uploads\/2019\/01\/IMG_20190112_104239-1024x768.jpg 1024w, https:\/\/www.radiopresidenteibanez.cl\/web\/wp-content\/uploads\/2019\/01\/IMG_20190112_104239-300x225.jpg 300w, https:\/\/www.radiopresidenteibanez.cl\/web\/wp-content\/uploads\/2019\/01\/IMG_20190112_104239-768x576.jpg 768w\" sizes=\"auto, (max-width: 1024px) 100vw, 1024px\" \/><figcaption>Registro Civil<\/figcaption><\/figure><\/li><\/ul>\n","protected":false},"excerpt":{"rendered":"<p>El pasado s\u00e1bado hasta las dependencias del Registro Civil de Punta Arenas, llegaron medio centenar de mujeres quienes realizaron su renovaci\u00f3n de carn\u00e9, pero ahora con sus trajes t\u00edpicos que&#8230; <a class=\"read-more\" href=\"https:\/\/www.radiopresidenteibanez.cl\/web\/mujeres-de-las-distintas-etnias-indigenas-de-nuestro-pais-llegaron-hasta-las-dependencias-del-registro-civil-para-realizar-cambio-de-carne-con-sus-vestimentas-tipicas\/\">Leer m\u00e1s<\/a><\/p>\n","protected":false},"author":2,"featured_media":413,"comment_status":"closed","ping_status":"closed","sticky":false,"template":"","format":"standard","meta":{"footnotes":""},"categories":[1],"tags":[],"class_list":["post-409","post","type-post","status-publish","format-standard","has-post-thumbnail","hentry","category-cronica"],"_links":{"self":[{"href":"https:\/\/www.radiopresidenteibanez.cl\/web\/wp-json\/wp\/v2\/posts\/409","targetHints":{"allow":["GET"]}}],"collection":[{"href":"https:\/\/www.radiopresidenteibanez.cl\/web\/wp-json\/wp\/v2\/posts"}],"about":[{"href":"https:\/\/www.radiopresidenteibanez.cl\/web\/wp-json\/wp\/v2\/types\/post"}],"author":[{"embeddable":true,"href":"https:\/\/www.radiopresidenteibanez.cl\/web\/wp-json\/wp\/v2\/users\/2"}],"replies":[{"embeddable":true,"href":"https:\/\/www.radiopresidenteibanez.cl\/web\/wp-json\/wp\/v2\/comments?post=409"}],"version-history":[{"count":0,"href":"https:\/\/www.radiopresidenteibanez.cl\/web\/wp-json\/wp\/v2\/posts\/409\/revisions"}],"wp:featuredmedia":[{"embeddable":true,"href":"https:\/\/www.radiopresidenteibanez.cl\/web\/wp-json\/wp\/v2\/media\/413"}],"wp:attachment":[{"href":"https:\/\/www.radiopresidenteibanez.cl\/web\/wp-json\/wp\/v2\/media?parent=409"}],"wp:term":[{"taxonomy":"category","embeddable":true,"href":"https:\/\/www.radiopresidenteibanez.cl\/web\/wp-json\/wp\/v2\/categories?post=409"},{"taxonomy":"post_tag","embeddable":true,"href":"https:\/\/www.radiopresidenteibanez.cl\/web\/wp-json\/wp\/v2\/tags?post=409"}],"curies":[{"name":"wp","href":"https:\/\/api.w.org\/{rel}","templated":true}]}}