{"id":40899,"date":"2023-07-05T16:27:00","date_gmt":"2023-07-05T19:27:00","guid":{"rendered":"https:\/\/www.radiopresidenteibanez.cl\/web\/?p=40899"},"modified":"2023-07-05T15:28:53","modified_gmt":"2023-07-05T18:28:53","slug":"con-gran-participacion-de-la-sociedad-civil-se-desarrollo-dialogo-ciudadano-voces-locales-para-una-politica-de-drogas","status":"publish","type":"post","link":"https:\/\/www.radiopresidenteibanez.cl\/web\/con-gran-participacion-de-la-sociedad-civil-se-desarrollo-dialogo-ciudadano-voces-locales-para-una-politica-de-drogas\/","title":{"rendered":"CON GRAN PARTICIPACI\u00d3N DE LA SOCIEDAD CIVIL SE DESARROLLO DI\u00c1LOGO CIUDADANO: \u00abVOCES LOCALES PARA UNA POL\u00cdTICA DE DROGAS\u00bb"},"content":{"rendered":"\n<p>La comunidad natalina atendi\u00f3 el llamado a ser parte del fortalecimiento de la Estrategia Nacional de Drogas y su respectivo Plan de Acci\u00f3n desde el 2024 al 2030 y medio centenar de personas contribuyeron al an\u00e1lisis realizado.<\/p>\n\n\n\n<p>SENDA inici\u00f3 en 2023 un proceso para fortalecer la actual Estrategia, con el objetivo de dotarla de una mirada integral, con enfoque de g\u00e9nero y salud p\u00fablica, que reconozca que el consumo de drogas es un fen\u00f3meno multicausal que requiere de un abordaje desde distintas instituciones del Estado.<\/p>\n\n\n\n<p>Para ello, se est\u00e1n llevando adelante una serie de acciones, que tienen como prop\u00f3sito elaborar un Plan de Acci\u00f3n 2024-2030, que establezca medidas e indicadores asociados al logro del objetivo general mejorado, reconociendo en la participaci\u00f3n ciudadana la posibilidad de construir instrumentos de gesti\u00f3n p\u00fablica con mayor legitimidad y pertinencia territorial.<\/p>\n\n\n\n<p>De este modo en las 16 regiones del pa\u00eds, se reunir\u00e1n a m\u00e1s de 2.000 personas para discutir sobre las prioridades de la ciudadan\u00eda en torno a una pol\u00edtica de drogas.<\/p>\n\n\n\n<p>Este martes fue el turno de Magallanes, en la comuna de Natales, donde vecinos y vecinas contribuyeron al an\u00e1lisis para identificar desaf\u00edos locales, compartir ideas y experiencias sobre c\u00f3mo enfrentar el desaf\u00edo de las drogas en su propia comunidad.<\/p>\n\n\n\n<p>Fue la sede de la Junta Vecinal N\u00b07 que acogi\u00f3 a representantes de diversas organizaciones sociales, comunitarias, deportivas y estudiantiles que un ambiente distendido plante\u00f3 sus inquietudes.<\/p>\n\n\n\n<p>La directora regional del Servicio para la Prevenci\u00f3n y Rehabilitaci\u00f3n del Consumo de Drogas y Alcohol, Senda, Lorena Guala Vivar, puntualiz\u00f3 que \u201cel resultado del aporte realizado en los di\u00e1logos que contendr\u00e1 un conjunto de medidas e indicadores en los \u00e1mbitos de prevenci\u00f3n, tratamiento e integraci\u00f3n social ser\u00e1 presentado en diciembre del a\u00f1o en curso, materializado en un Plan de Acci\u00f3n hasta el a\u00f1o 2030\u201d.<\/p>\n\n\n\n<p>En tanto la Delegada Presidencial de \u00daltima Esperanza, Romina \u00c1lvarez, destac\u00f3 la creaci\u00f3n del Comit\u00e9 Interministerial de Prevenci\u00f3n y Rehabilitaci\u00f3n en el pa\u00eds, y el Comit\u00e9 Regional en Magallanes, <strong>\u201c<\/strong>pues esta es la instancia que va a permitir realizar un seguimiento a las acciones comprometidas en el Plan de Acci\u00f3n que se presente como resultado de los Di\u00e1logos Ciudadanos\u201d<strong><em>.<\/em><\/strong><\/p>\n\n\n\n<p><strong><em>\u201c<\/em><\/strong>Este comit\u00e9 representa un hito importante y que refleja el compromiso de nuestro Gobierno y del Presidente Gabriel Boric por este tema, ya que es la primera vez que se establece una instancia interministerial para este prop\u00f3sito\u201d.<\/p>\n","protected":false},"excerpt":{"rendered":"<p>La comunidad natalina atendi\u00f3 el llamado a ser parte del fortalecimiento de la Estrategia Nacional de Drogas y su respectivo Plan de Acci\u00f3n desde el 2024 al 2030 y medio&#8230; <a class=\"read-more\" href=\"https:\/\/www.radiopresidenteibanez.cl\/web\/con-gran-participacion-de-la-sociedad-civil-se-desarrollo-dialogo-ciudadano-voces-locales-para-una-politica-de-drogas\/\">Leer m\u00e1s<\/a><\/p>\n","protected":false},"author":2,"featured_media":40900,"comment_status":"closed","ping_status":"closed","sticky":false,"template":"","format":"standard","meta":{"footnotes":""},"categories":[1],"tags":[],"class_list":["post-40899","post","type-post","status-publish","format-standard","has-post-thumbnail","hentry","category-cronica"],"_links":{"self":[{"href":"https:\/\/www.radiopresidenteibanez.cl\/web\/wp-json\/wp\/v2\/posts\/40899","targetHints":{"allow":["GET"]}}],"collection":[{"href":"https:\/\/www.radiopresidenteibanez.cl\/web\/wp-json\/wp\/v2\/posts"}],"about":[{"href":"https:\/\/www.radiopresidenteibanez.cl\/web\/wp-json\/wp\/v2\/types\/post"}],"author":[{"embeddable":true,"href":"https:\/\/www.radiopresidenteibanez.cl\/web\/wp-json\/wp\/v2\/users\/2"}],"replies":[{"embeddable":true,"href":"https:\/\/www.radiopresidenteibanez.cl\/web\/wp-json\/wp\/v2\/comments?post=40899"}],"version-history":[{"count":0,"href":"https:\/\/www.radiopresidenteibanez.cl\/web\/wp-json\/wp\/v2\/posts\/40899\/revisions"}],"wp:featuredmedia":[{"embeddable":true,"href":"https:\/\/www.radiopresidenteibanez.cl\/web\/wp-json\/wp\/v2\/media\/40900"}],"wp:attachment":[{"href":"https:\/\/www.radiopresidenteibanez.cl\/web\/wp-json\/wp\/v2\/media?parent=40899"}],"wp:term":[{"taxonomy":"category","embeddable":true,"href":"https:\/\/www.radiopresidenteibanez.cl\/web\/wp-json\/wp\/v2\/categories?post=40899"},{"taxonomy":"post_tag","embeddable":true,"href":"https:\/\/www.radiopresidenteibanez.cl\/web\/wp-json\/wp\/v2\/tags?post=40899"}],"curies":[{"name":"wp","href":"https:\/\/api.w.org\/{rel}","templated":true}]}}