{"id":4087,"date":"2019-05-09T21:05:18","date_gmt":"2019-05-09T21:05:18","guid":{"rendered":"http:\/\/www.radiopresidenteibanez.cl\/web\/?p=4087"},"modified":"2019-05-09T21:05:45","modified_gmt":"2019-05-09T21:05:45","slug":"emprendedores-de-la-zona-exponen-sus-productos-en-mall-espacio-urbano","status":"publish","type":"post","link":"https:\/\/www.radiopresidenteibanez.cl\/web\/emprendedores-de-la-zona-exponen-sus-productos-en-mall-espacio-urbano\/","title":{"rendered":"EMPRENDEDORES DE LA ZONA EXPONEN SUS PRODUCTOS EN MALL ESPACIO URBANO"},"content":{"rendered":"\n<p>A partir de este viernes 10 y hasta el\ndomingo12 de mayo, desde las 11.00 a las 20.00 horas, se llevar\u00e1 a cabo el\nsegundo encuentro del Sal\u00f3n de Microempresarios, iniciativa de la Municipalidad\nde Punta Arenas y su departamento de la Direcci\u00f3n de Desarrollo Econ\u00f3mico\nLocal, la cual busca gestionar y apoyar el desarrollo de personas, micro y peque\u00f1os\nempresarios de la comuna. <\/p>\n\n\n\n<p>Con \u00e9xito, el fin de semana reci\u00e9n\npasado, fue el turno del primer grupo de expositores, quienes valoraron la\niniciativa y el trabajo en conjunto a Espacio Urbano Pionero, como parte del\napoyo al desarrollo de su negocio y la oportunidad de contar con presencia en\nun lugar de alto flujo como un centro comercial. <\/p>\n\n\n\n<p>\u201cEs primera vez que como municipalidad\nestamos trabajando en un convenio directo con el mall, para apoyar el comercio\ny crecimiento de nuestros propios emprendedores locales, quienes hacen un\ntremendo esfuerzo por mostrar y dar a conocer sus productos\u201d, se\u00f1al\u00f3 Claudio\nRadonich, alcalde de Punta Arenas, en el marco de visita a la primera feria. <\/p>\n\n\n\n<p>El\nproyecto, concretado y ejecutado por el municipio, parti\u00f3 hace algunos a\u00f1os\nactivando una red de apoyo importante para los artesanos, logrando levantar un\ncatastro de registro de emprendedores regionales. Este proceso, les ha\npermitido a muchos de ellos lograr una acreditaci\u00f3n a trav\u00e9s de la Seremi de\nCultura, reconociendo el valor del emprendimiento de la comuna y la regi\u00f3n. &nbsp;<\/p>\n\n\n\n<p>\u201cA nivel nacional, estamos impulsando y\napoyando a los emprendedores y peque\u00f1os empresarios. Desde Antofagasta a Punta\nArenas, hemos logrado fuertes alianzas con organizaciones p\u00fablicas y privadas,\ndando un espacio a productores, artesanos y agricultores, invit\u00e1ndolos a formar\nparte de este nuevo concepto que es Espacio Urbano\u201d, destac\u00f3 Recabal. <\/p>\n\n\n\n<p>En esta segunda versi\u00f3n del Sal\u00f3n Microempresarial de la Municipalidad de Punta Arenas, ser\u00e1 el turno de un nuevo grupo de emprendedores y artesanos, pero una nueva instancia para encontrar al Taller Laboral Hermanos del Viento, agrupaci\u00f3n para la inserci\u00f3n social de personas con discapacidad intelectual, quienes sorprender\u00e1n a los asistentes con pintura sobre cer\u00e1micas y parte de la producci\u00f3n de su panader\u00eda. <\/p>\n\n\n\n<figure class=\"wp-block-image\"><img loading=\"lazy\" decoding=\"async\" width=\"1024\" height=\"768\" src=\"https:\/\/www.radiopresidenteibanez.cl\/web\/wp-content\/uploads\/2019\/05\/Sal\u00f3n-Microempresarios-1-1024x768.jpeg\" alt=\"\" class=\"wp-image-4088\" srcset=\"https:\/\/www.radiopresidenteibanez.cl\/web\/wp-content\/uploads\/2019\/05\/Sal\u00f3n-Microempresarios-1-1024x768.jpeg 1024w, https:\/\/www.radiopresidenteibanez.cl\/web\/wp-content\/uploads\/2019\/05\/Sal\u00f3n-Microempresarios-1-300x225.jpeg 300w, https:\/\/www.radiopresidenteibanez.cl\/web\/wp-content\/uploads\/2019\/05\/Sal\u00f3n-Microempresarios-1-768x576.jpeg 768w, https:\/\/www.radiopresidenteibanez.cl\/web\/wp-content\/uploads\/2019\/05\/Sal\u00f3n-Microempresarios-1.jpeg 1152w\" sizes=\"auto, (max-width: 1024px) 100vw, 1024px\" \/><\/figure>\n","protected":false},"excerpt":{"rendered":"<p>A partir de este viernes 10 y hasta el domingo12 de mayo, desde las 11.00 a las 20.00 horas, se llevar\u00e1 a cabo el segundo encuentro del Sal\u00f3n de Microempresarios,&#8230; <a class=\"read-more\" href=\"https:\/\/www.radiopresidenteibanez.cl\/web\/emprendedores-de-la-zona-exponen-sus-productos-en-mall-espacio-urbano\/\">Leer m\u00e1s<\/a><\/p>\n","protected":false},"author":2,"featured_media":4088,"comment_status":"closed","ping_status":"closed","sticky":false,"template":"","format":"standard","meta":{"footnotes":""},"categories":[1],"tags":[],"class_list":["post-4087","post","type-post","status-publish","format-standard","has-post-thumbnail","hentry","category-cronica"],"_links":{"self":[{"href":"https:\/\/www.radiopresidenteibanez.cl\/web\/wp-json\/wp\/v2\/posts\/4087","targetHints":{"allow":["GET"]}}],"collection":[{"href":"https:\/\/www.radiopresidenteibanez.cl\/web\/wp-json\/wp\/v2\/posts"}],"about":[{"href":"https:\/\/www.radiopresidenteibanez.cl\/web\/wp-json\/wp\/v2\/types\/post"}],"author":[{"embeddable":true,"href":"https:\/\/www.radiopresidenteibanez.cl\/web\/wp-json\/wp\/v2\/users\/2"}],"replies":[{"embeddable":true,"href":"https:\/\/www.radiopresidenteibanez.cl\/web\/wp-json\/wp\/v2\/comments?post=4087"}],"version-history":[{"count":0,"href":"https:\/\/www.radiopresidenteibanez.cl\/web\/wp-json\/wp\/v2\/posts\/4087\/revisions"}],"wp:featuredmedia":[{"embeddable":true,"href":"https:\/\/www.radiopresidenteibanez.cl\/web\/wp-json\/wp\/v2\/media\/4088"}],"wp:attachment":[{"href":"https:\/\/www.radiopresidenteibanez.cl\/web\/wp-json\/wp\/v2\/media?parent=4087"}],"wp:term":[{"taxonomy":"category","embeddable":true,"href":"https:\/\/www.radiopresidenteibanez.cl\/web\/wp-json\/wp\/v2\/categories?post=4087"},{"taxonomy":"post_tag","embeddable":true,"href":"https:\/\/www.radiopresidenteibanez.cl\/web\/wp-json\/wp\/v2\/tags?post=4087"}],"curies":[{"name":"wp","href":"https:\/\/api.w.org\/{rel}","templated":true}]}}