{"id":40865,"date":"2023-07-04T15:23:00","date_gmt":"2023-07-04T18:23:00","guid":{"rendered":"https:\/\/www.radiopresidenteibanez.cl\/web\/?p=40865"},"modified":"2023-07-04T11:26:27","modified_gmt":"2023-07-04T14:26:27","slug":"invitan-a-la-comunidad-a-escoger-a-la-investigadora-destacada-de-la-macrozona-austral","status":"publish","type":"post","link":"https:\/\/www.radiopresidenteibanez.cl\/web\/invitan-a-la-comunidad-a-escoger-a-la-investigadora-destacada-de-la-macrozona-austral\/","title":{"rendered":"INVITAN A LA COMUNIDAD A ESCOGER A LA INVESTIGADORA DESTACADA DE LA MACROZONA AUSTRAL"},"content":{"rendered":"\n<p>Hasta el 20 de julio las personas de las regiones de Ays\u00e9n y de Magallanes y la Ant\u00e1rtica Chilena podr\u00e1n votar por una de las seis mujeres nominadas por la Mesa de G\u00e9nero Macrozonal, que lidera la Seremi de CTCI, para representar a la macrozona en la campa\u00f1a&nbsp;<em>\u201cLa Ciencia de Chile es con Nosotras\u201d,&nbsp;<\/em>que busca visibilizar el trabajo realizado por investigadoras a la largo del pa\u00eds.<\/p>\n\n\n\n<p>\u201cQueremos mostrarle a la comunidad que en Chile se desarrolla ciencia de primer nivel y parte importante es realizada por mujeres\u201d, explic\u00f3 la seremi de Ciencia, Ver\u00f3nica Vallejos, quien agreg\u00f3 \u201cen las regiones que componen nuestra macrozona tenemos mujeres que han hecho grandes descubrimientos en diversas \u00e1reas del conocimiento y es importante conocerlas y reconocerlas\u201d.<\/p>\n\n\n\n<p>La autoridad indic\u00f3 que \u201ctenemos que escoger a una sola. Es una decisi\u00f3n dif\u00edcil. Con la ayuda de las integrantes de la Mesa de G\u00e9nero pudimos definir seis candidatas, 3 por regi\u00f3n, y ahora debemos elegir quien es la investigadora destacada de nuestra macrozona, para eso queremos hacer part\u00edcipe a la comunidad, por eso les invito a que se sumen y voten por la mujer que consideren debe representarnos\u201d.<\/p>\n\n\n\n<p>La seleccionada formar\u00e1 parte de una campa\u00f1a nacional que contempla c\u00e1psulas en redes sociales, videos, entrevistas, frases radiales y su incorporaci\u00f3n en gr\u00e1ficas que formar\u00e1n parte de una muestra itinerante que ser\u00e1 instalada en la Plaza de la Constituci\u00f3n en Santiago. \u201cCon esto no solo se busca visibilizar su quehacer, sino que adem\u00e1s estimular y promover el estudio de las ciencias en las ni\u00f1as y adolescentes\u201d, concluy\u00f3 la seremi.<\/p>\n\n\n\n<p>La informaci\u00f3n de las nominadas est\u00e1 disponible en las redes sociales de la seremi: Twitter&nbsp;<a href=\"https:\/\/twitter.com\/SeremiCienciaAu\" target=\"_blank\" rel=\"noreferrer noopener\">@SeremiCienciaAu<\/a>&nbsp;e Instagram&nbsp;<a href=\"https:\/\/www.instagram.com\/seremicienciaaustral\/\" target=\"_blank\" rel=\"noreferrer noopener\">seremicienciaaustral<\/a>. El formulario para la votaci\u00f3n estar\u00e1 disponible en<a href=\"https:\/\/acortar.link\/36pfW6\" target=\"_blank\" rel=\"noreferrer noopener\">&nbsp;<\/a><a href=\"https:\/\/forms.gle\/5YRfAAhVaxhGzUos5\" target=\"_blank\" rel=\"noreferrer noopener\">https:\/\/forms.gle\/5YRfAAhVaxhGzUos5<\/a>&nbsp;hasta el 20 de julio y el resultado se dar\u00e1 a conocer el 21 del mismo mes.<\/p>\n\n\n\n<p><strong>Investigadoras nominadas<\/strong><\/p>\n\n\n\n<p><em>Amalia Nuevo Delaunay<\/em>: Arque\u00f3loga y doctora en Arqueolog\u00eda. Es Investigadora Residente de la l\u00ednea de Arqueolog\u00eda y Patrimonio del CIEP. Estudia la ocupaci\u00f3n humana de Patagonia a lo largo del tiempo, especialmente sus caracter\u00edsticas durante los \u00faltimos centenios. Sobre este tema, actualmente dirige un estudio sobre Paisaje arqueol\u00f3gico rural de Ays\u00e9n entre los siglos 18 a 20. Tambi\u00e9n, es Directora Cient\u00edfica del Proyecto PATSER que estudia las relaciones entre ecosistema, cambio clim\u00e1tico y v\u00ednculos socio-ecol\u00f3gicos a lo largo del tiempo en Patagonia.<\/p>\n\n\n\n<p><em>Carla Basualto Alarc\u00f3n:<\/em>&nbsp;M\u00e9dico cirujano, mag\u00edster en Ciencias Biom\u00e9dicas menci\u00f3n Medio Ambiente y Biomedicina y doctora en Ciencias Biom\u00e9dicas. Sus l\u00edneas de Investigaci\u00f3n son fisiolog\u00eda y fisiopatolog\u00eda del m\u00fasculo esquel\u00e9tico, fisiolog\u00eda mitocondrial y actividad f\u00edsica en ambientes extremos. Es acad\u00e9mica del departamento de Ciencias de la Salud de la Universidad de Ays\u00e9n, y directora del Centro PUENTES de Investigaci\u00f3n en Salud de la misma Universidad.<\/p>\n\n\n\n<p><em>Carolla Mart\u00ednez Aguilar:&nbsp;<\/em>Ingeniera agropecuaria y egresada de Mag\u00edster en Manejo de Recursos Naturales menci\u00f3n Agroecolog\u00eda. Se ha destacado por aplicar la ciencia en beneficio de la soberan\u00eda, seguridad alimentaria y sustentabilidad de la horticultura regional en un contexto de cambio clim\u00e1tico, a trav\u00e9s de la introducci\u00f3n de innovaciones tecnol\u00f3gicas para potenciar la productividad, calidad y sanidad de los cultivos producidos principalmente por Agricultores de la Peque\u00f1a Agricultura Familiar Campesina. Actualmente se desempe\u00f1a como investigadora del \u00e1rea de Manejo Agron\u00f3mico de Hortalizas y Cultivos en INIA y como coordinadora del Programa Papas de Magallanes en INIA Kampenaike.<\/p>\n\n\n\n<p><em>Claudia Mansilla Andrade:<\/em>&nbsp;Licenciada en Biolog\u00eda de la Universidad de Concepci\u00f3n, mag\u00edster en Ciencias de la Universidad de Magallanes, doctora en Ciencias Ambientales de la University of Stirling. Se ha enfocado en estudiar la importancia de las turberas como sumidero de carbono y tambi\u00e9n grandes eventos paleoambientales como incursiones marinas, vulcanismo y reorganizaci\u00f3n de los ecosistemas vegetales, entre otros, y su relaci\u00f3n con las ocupaciones humanas basadas en evidencias arqueol\u00f3gicas durante el Pleistoceno Tard\u00edo y Holoceno. Se desempe\u00f1a como acad\u00e9mica e investigadora de la Universidad de Magallanes.<\/p>\n\n\n\n<p><em>Daniela Haro D\u00edaz:<\/em>&nbsp;Bi\u00f3loga marina, mag\u00edster en Ciencias menci\u00f3n Manejo y Conservaci\u00f3n de Recursos Naturales en Ambientes Subant\u00e1rticos y doctora en Ciencias menci\u00f3n Ecolog\u00eda y Biolog\u00eda Evolutiva. Su l\u00ednea de investigaci\u00f3n se enfoca en ecolog\u00eda tr\u00f3fica de organismos marinos, principalmente cet\u00e1ceos. Actualmente lidera un proyecto Fondecyt de Postdoctorado que eval\u00faa las interacciones y el rol que poseen los mam\u00edferos marinos en el ecosistema del estrecho de Magallanes. Es Acad\u00e9mica del Claustro del Programa de Doctorado en Conservaci\u00f3n y Gesti\u00f3n de la Biodiversidad e Investigadora del Centro Bah\u00eda Lomas de la Universidad Santo Tom\u00e1s. Ha participado en diversos proyectos de investigaci\u00f3n sobre ecolog\u00eda y conservaci\u00f3n de ballenas y delfines, y en proyectos realizados en \u00c1reas Marinas Protegidas del sur de Chile y en el Santuario de la Naturaleza Bah\u00eda Lomas. Es miembro de la Sociedad Latinoamericana de Especialistas en Mam\u00edferos Acu\u00e1ticos y de Society for Marine Mammalogy.<\/p>\n\n\n\n<p><em>Patricia Carrasco Urrutia:<\/em>&nbsp;Doctora en Ciencias Sociales y acad\u00e9mica del Departamento de Ciencias Sociales y Humanidades de la Universidad de Ays\u00e9n. Sus l\u00edneas de investigaci\u00f3n son la geograf\u00eda humana y visual, memorias orales, y paisajes sociales. A trav\u00e9s de distintos proyectos de investigaci\u00f3n se ha dedicado a la recuperaci\u00f3n de memoria hist\u00f3rica a trav\u00e9s del rescate de archivos fotogr\u00e1ficos y relatos orales de la Patagonia y Ays\u00e9n. Es creadora de dos documentales, tres libros y siete papers. Durante su trabajo investigativo ha puesto especial \u00e9nfasis en la divulgaci\u00f3n cient\u00edfica y devoluci\u00f3n de resultados de investigaci\u00f3n a las comunidades.<\/p>\n","protected":false},"excerpt":{"rendered":"<p>Hasta el 20 de julio las personas de las regiones de Ays\u00e9n y de Magallanes y la Ant\u00e1rtica Chilena podr\u00e1n votar por una de las seis mujeres nominadas por la&#8230; <a class=\"read-more\" href=\"https:\/\/www.radiopresidenteibanez.cl\/web\/invitan-a-la-comunidad-a-escoger-a-la-investigadora-destacada-de-la-macrozona-austral\/\">Leer m\u00e1s<\/a><\/p>\n","protected":false},"author":2,"featured_media":40866,"comment_status":"closed","ping_status":"closed","sticky":false,"template":"","format":"standard","meta":{"footnotes":""},"categories":[1],"tags":[],"class_list":["post-40865","post","type-post","status-publish","format-standard","has-post-thumbnail","hentry","category-cronica"],"_links":{"self":[{"href":"https:\/\/www.radiopresidenteibanez.cl\/web\/wp-json\/wp\/v2\/posts\/40865","targetHints":{"allow":["GET"]}}],"collection":[{"href":"https:\/\/www.radiopresidenteibanez.cl\/web\/wp-json\/wp\/v2\/posts"}],"about":[{"href":"https:\/\/www.radiopresidenteibanez.cl\/web\/wp-json\/wp\/v2\/types\/post"}],"author":[{"embeddable":true,"href":"https:\/\/www.radiopresidenteibanez.cl\/web\/wp-json\/wp\/v2\/users\/2"}],"replies":[{"embeddable":true,"href":"https:\/\/www.radiopresidenteibanez.cl\/web\/wp-json\/wp\/v2\/comments?post=40865"}],"version-history":[{"count":0,"href":"https:\/\/www.radiopresidenteibanez.cl\/web\/wp-json\/wp\/v2\/posts\/40865\/revisions"}],"wp:featuredmedia":[{"embeddable":true,"href":"https:\/\/www.radiopresidenteibanez.cl\/web\/wp-json\/wp\/v2\/media\/40866"}],"wp:attachment":[{"href":"https:\/\/www.radiopresidenteibanez.cl\/web\/wp-json\/wp\/v2\/media?parent=40865"}],"wp:term":[{"taxonomy":"category","embeddable":true,"href":"https:\/\/www.radiopresidenteibanez.cl\/web\/wp-json\/wp\/v2\/categories?post=40865"},{"taxonomy":"post_tag","embeddable":true,"href":"https:\/\/www.radiopresidenteibanez.cl\/web\/wp-json\/wp\/v2\/tags?post=40865"}],"curies":[{"name":"wp","href":"https:\/\/api.w.org\/{rel}","templated":true}]}}