{"id":40859,"date":"2023-07-04T12:37:00","date_gmt":"2023-07-04T15:37:00","guid":{"rendered":"https:\/\/www.radiopresidenteibanez.cl\/web\/?p=40859"},"modified":"2023-07-04T10:00:30","modified_gmt":"2023-07-04T13:00:30","slug":"gerente-general-de-tabsa-se-reune-con-subsecretaria-de-turismo","status":"publish","type":"post","link":"https:\/\/www.radiopresidenteibanez.cl\/web\/gerente-general-de-tabsa-se-reune-con-subsecretaria-de-turismo\/","title":{"rendered":"GERENTE GENERAL DE TABSA SE REUNE CON SUBSECRETARIA DE TURISMO"},"content":{"rendered":"\n<p>Una reuni\u00f3n de trabajo mantuvo la Subsecretaria de Turismo, Ver\u00f3nica Pardo con el Gerente General de TABSA, Cristobal Kulczewski, con el prop\u00f3sito de intercambiar opiniones sobre el desarrollo de la industria del turismo en Magallanes, como as\u00ed tambi\u00e9n, sellar un acuerdo a trav\u00e9s del cual Sernatur emitir\u00e1s videos de los atractivos locales en el ferry Pathagon.<\/p>\n\n\n\n<p>\u201cYo creo que la experiencia que tiene TABSA, si bien parti\u00f3 en una l\u00f3gica mar\u00edtima log\u00edstica, las necesidades de hoy nos llevan a hacernos cargo de que esa experiencia y profesionalismo se puede poner el servicio de la necesidad del disfrute, la necesidad de recorrer nuestro territorio, la necesidad de conocer la naturaleza\u201d, indic\u00f3 la autoridad, agregando que \u201cesta nueva mirada implica tambi\u00e9n un desarrollo econ\u00f3mico gigante, un desarrollo del territorio y un relevamiento de las culturas.\u201d<\/p>\n\n\n\n<p>En tanto, Crist\u00f3bal Kulczewski, junto con agradecer el encuentro, en que tambi\u00e9n particip\u00f3 Victor Rom\u00e1n, Director de Sernatur Magallanes, coincidi\u00f3 con Ver\u00f3nica Pardo sobre la necesidad de potenciar la actividad tur\u00edstica en la zona y \u201cpara eso TABSA tiene la mejor disposici\u00f3n tal como lo hemos demostrado en nuestros servicios hacia Porvenir, Puerto Williams y Tortel en donde buscamos entregar el mejor servicio posible a los pasajeros.\u201d<\/p>\n","protected":false},"excerpt":{"rendered":"<p>Una reuni\u00f3n de trabajo mantuvo la Subsecretaria de Turismo, Ver\u00f3nica Pardo con el Gerente General de TABSA, Cristobal Kulczewski, con el prop\u00f3sito de intercambiar opiniones sobre el desarrollo de la&#8230; <a class=\"read-more\" href=\"https:\/\/www.radiopresidenteibanez.cl\/web\/gerente-general-de-tabsa-se-reune-con-subsecretaria-de-turismo\/\">Leer m\u00e1s<\/a><\/p>\n","protected":false},"author":2,"featured_media":40860,"comment_status":"closed","ping_status":"closed","sticky":false,"template":"","format":"standard","meta":{"footnotes":""},"categories":[1],"tags":[],"class_list":["post-40859","post","type-post","status-publish","format-standard","has-post-thumbnail","hentry","category-cronica"],"_links":{"self":[{"href":"https:\/\/www.radiopresidenteibanez.cl\/web\/wp-json\/wp\/v2\/posts\/40859","targetHints":{"allow":["GET"]}}],"collection":[{"href":"https:\/\/www.radiopresidenteibanez.cl\/web\/wp-json\/wp\/v2\/posts"}],"about":[{"href":"https:\/\/www.radiopresidenteibanez.cl\/web\/wp-json\/wp\/v2\/types\/post"}],"author":[{"embeddable":true,"href":"https:\/\/www.radiopresidenteibanez.cl\/web\/wp-json\/wp\/v2\/users\/2"}],"replies":[{"embeddable":true,"href":"https:\/\/www.radiopresidenteibanez.cl\/web\/wp-json\/wp\/v2\/comments?post=40859"}],"version-history":[{"count":0,"href":"https:\/\/www.radiopresidenteibanez.cl\/web\/wp-json\/wp\/v2\/posts\/40859\/revisions"}],"wp:featuredmedia":[{"embeddable":true,"href":"https:\/\/www.radiopresidenteibanez.cl\/web\/wp-json\/wp\/v2\/media\/40860"}],"wp:attachment":[{"href":"https:\/\/www.radiopresidenteibanez.cl\/web\/wp-json\/wp\/v2\/media?parent=40859"}],"wp:term":[{"taxonomy":"category","embeddable":true,"href":"https:\/\/www.radiopresidenteibanez.cl\/web\/wp-json\/wp\/v2\/categories?post=40859"},{"taxonomy":"post_tag","embeddable":true,"href":"https:\/\/www.radiopresidenteibanez.cl\/web\/wp-json\/wp\/v2\/tags?post=40859"}],"curies":[{"name":"wp","href":"https:\/\/api.w.org\/{rel}","templated":true}]}}