{"id":40843,"date":"2023-07-03T18:55:00","date_gmt":"2023-07-03T21:55:00","guid":{"rendered":"https:\/\/www.radiopresidenteibanez.cl\/web\/?p=40843"},"modified":"2023-07-03T15:42:02","modified_gmt":"2023-07-03T18:42:02","slug":"consejeros-participan-en-presentacion-de-la-agrupacion-red-regional-de-voluntarios","status":"publish","type":"post","link":"https:\/\/www.radiopresidenteibanez.cl\/web\/consejeros-participan-en-presentacion-de-la-agrupacion-red-regional-de-voluntarios\/","title":{"rendered":"CONSEJEROS PARTICIPAN EN PRESENTACI\u00d3N DE LA AGRUPACION RED REGIONAL DE VOLUNTARIOS"},"content":{"rendered":"\n<p>Positivos fueron los resultados expuestos por la Presidenta de la Agrupaci\u00f3n Red Regional de Voluntarios (AREVOL) Chile, Zoila Sierpe S., en la presentaci\u00f3n de los proyectos financiados por los recursos del Fondo Nacional de Desarrollo Regional (FNDR) 8%.<\/p>\n\n\n\n<p><em>\u2018\u2019Con la asignaci\u00f3n directa que nos dio el Gore compramos los catres cl\u00ednicos, que fue un proyecto completo, que nos salieron 25 catres y porque tuvimos que hacerlo en dos proyectos para poder juntar lo que ped\u00edan los voluntariados, se compr\u00f3 todo lo que es catres cl\u00ednicos con colchones, sillas de rueda, pa\u00f1ales \u00fatiles de aseo, que no tenemos nada eso, porque eso se entreg\u00f3 anteriormente, tambi\u00e9n para las canastas, todo lo que es ortopedia\u2019\u2019.<\/em><\/p>\n\n\n\n<p>A trav\u00e9s de la aprobaci\u00f3n de estas iniciativas por parte del Gobierno Regional, se pretende llegar a la comunidad m\u00e1s vulnerable, postrados, adultos mayores, ni\u00f1os y personas en situaci\u00f3n de calle, minimizando las brechas y entregando alternativas de soluci\u00f3n.<\/p>\n\n\n\n<p>Cerca de 200 millones es la cifra que apoyar\u00e1 a 26.800 usuarios distribuidos por las siguientes iniciativas sociales; Voluntarios Presentes en tus Necesidades, Voluntarios Junto a Ti 2023, Voluntarios Apoyando las Necesidades de la Comunidad y Voluntarios en Red Colaboran en tu Bienestar., las cu\u00e1les que se encuentran en proceso de ejecuci\u00f3n periodo 2023.<\/p>\n\n\n\n<p>El Consejero Antonio Rispoli G. felicit\u00f3 a los grupos sosteniendo; <em>\u2018\u2019es una ayuda muy grande que ellos prestan a la comunidad magall\u00e1nica, especialmente un trabajo que no es remunerado, justamente como lo dice la palabra AREVOL, es una asociaci\u00f3n regional del voluntariado, gente que trabaja 3 a 4 horas diarias en ayuda para las dem\u00e1s personas, especialmente para los adultos mayores y la gente que est\u00e1 postrada\u2019\u2019<\/em>., por \u00faltimo el Consejero Antonio Bradasic S. quiso agradecer la labor que d\u00eda a d\u00eda realizan los grupos, esperando que se puedan incrementar los recursos; <em>\u2018\u2019la verdad que es un trabajo enorme para la gente m\u00e1s necesitada de nuestra regi\u00f3n y los enfermos, felicitar a la gente de AREVOL y al menos departe de este Consejero siempre van a tener el apoyo que realmente se merece y ojal\u00e1 poder incrementarlo incluso un poco m\u00e1s\u2019\u2019.<\/em><\/p>\n","protected":false},"excerpt":{"rendered":"<p>Positivos fueron los resultados expuestos por la Presidenta de la Agrupaci\u00f3n Red Regional de Voluntarios (AREVOL) Chile, Zoila Sierpe S., en la presentaci\u00f3n de los proyectos financiados por los recursos&#8230; <a class=\"read-more\" href=\"https:\/\/www.radiopresidenteibanez.cl\/web\/consejeros-participan-en-presentacion-de-la-agrupacion-red-regional-de-voluntarios\/\">Leer m\u00e1s<\/a><\/p>\n","protected":false},"author":2,"featured_media":40844,"comment_status":"closed","ping_status":"closed","sticky":false,"template":"","format":"standard","meta":{"footnotes":""},"categories":[1],"tags":[],"class_list":["post-40843","post","type-post","status-publish","format-standard","has-post-thumbnail","hentry","category-cronica"],"_links":{"self":[{"href":"https:\/\/www.radiopresidenteibanez.cl\/web\/wp-json\/wp\/v2\/posts\/40843","targetHints":{"allow":["GET"]}}],"collection":[{"href":"https:\/\/www.radiopresidenteibanez.cl\/web\/wp-json\/wp\/v2\/posts"}],"about":[{"href":"https:\/\/www.radiopresidenteibanez.cl\/web\/wp-json\/wp\/v2\/types\/post"}],"author":[{"embeddable":true,"href":"https:\/\/www.radiopresidenteibanez.cl\/web\/wp-json\/wp\/v2\/users\/2"}],"replies":[{"embeddable":true,"href":"https:\/\/www.radiopresidenteibanez.cl\/web\/wp-json\/wp\/v2\/comments?post=40843"}],"version-history":[{"count":0,"href":"https:\/\/www.radiopresidenteibanez.cl\/web\/wp-json\/wp\/v2\/posts\/40843\/revisions"}],"wp:featuredmedia":[{"embeddable":true,"href":"https:\/\/www.radiopresidenteibanez.cl\/web\/wp-json\/wp\/v2\/media\/40844"}],"wp:attachment":[{"href":"https:\/\/www.radiopresidenteibanez.cl\/web\/wp-json\/wp\/v2\/media?parent=40843"}],"wp:term":[{"taxonomy":"category","embeddable":true,"href":"https:\/\/www.radiopresidenteibanez.cl\/web\/wp-json\/wp\/v2\/categories?post=40843"},{"taxonomy":"post_tag","embeddable":true,"href":"https:\/\/www.radiopresidenteibanez.cl\/web\/wp-json\/wp\/v2\/tags?post=40843"}],"curies":[{"name":"wp","href":"https:\/\/api.w.org\/{rel}","templated":true}]}}