{"id":40840,"date":"2023-07-03T16:10:00","date_gmt":"2023-07-03T19:10:00","guid":{"rendered":"https:\/\/www.radiopresidenteibanez.cl\/web\/?p=40840"},"modified":"2023-07-03T15:33:04","modified_gmt":"2023-07-03T18:33:04","slug":"presidenta-del-sindicato-trabajadores-de-enap-magallanes-no-podemos-dejar-de-mencionar-el-rol-de-las-y-los-trabajadores-sin-ellos-los-logros-de-la-empresa-regional-no-existirian","status":"publish","type":"post","link":"https:\/\/www.radiopresidenteibanez.cl\/web\/presidenta-del-sindicato-trabajadores-de-enap-magallanes-no-podemos-dejar-de-mencionar-el-rol-de-las-y-los-trabajadores-sin-ellos-los-logros-de-la-empresa-regional-no-existirian\/","title":{"rendered":"PRESIDENTA DEL SINDICATO TRABAJADORES DE ENAP MAGALLANES, \u201cNO PODEMOS DEJAR DE MENCIONAR EL ROL DE LAS Y LOS TRABAJADORES, SIN ELLOS LOS LOGROS DE LA EMPRESA REGIONAL NO EXISTIRIAN\u201d"},"content":{"rendered":"\n<p>El pasado 30 de junio el Gerente de Enap Magallanes, Rodrigo Bustamante realiz\u00f3 su primera cuenta p\u00fablica, donde anunci\u00f3 mayores inversiones en los fondos concursables 2023, nuevos cursos de formaci\u00f3n entre otras novedades, actividad a la que asisti\u00f3 la directiva del Sindicato de Trabajadores de Enap, representantes de diversas organizaciones de la sociedad civil y autoridades regionales.<\/p>\n\n\n\n<p>La presidenta del gremio, Graciela V\u00e1squez, destac\u00f3 los resultados financieros que obtuvo Enap Magallanes en 2022, y m\u00e1s a\u00fan, los poco m\u00e1s de US198 millones que la estatal pretende invertir en los pr\u00f3ximos 5 a\u00f1os.&nbsp;<\/p>\n\n\n\n<p>\u201cEstamos contentos con los avances financieros que la empresa a logrado en este \u00faltimo periodo, cifras como las dadas a conocer en la cuenta p\u00fablica, solo reafirman el compromiso que la empresa tiene con la regi\u00f3n, sin embargo, aqu\u00ed la piedra angular de todos estos resultados son los trabajadores de cada una de las \u00e1reas, que en su conjunto hacen que Enap Magallanes crezca y pueda llegar a estas cifras\u201d, dijo V\u00e1squez.<\/p>\n\n\n\n<p>En paralelo la presidenta del gremio, tambi\u00e9n destac\u00f3 el trabajo de acercamiento entre la empresa y las organizaciones de la sociedad civil.<\/p>\n\n\n\n<p>\u201cEs fundamental el acercamiento con las organizaciones, porque la empresa y nosotros como sindicato tenemos un rol colaborativo, que, si bien est\u00e1 reflejado en el crecimiento econ\u00f3mico de la regi\u00f3n, tambi\u00e9n debe ser con las comunidades, por lo mismo las puertas del gremio siempre estar\u00e1n abiertas para poder ayudar\u201d. Precis\u00f3 Graciela V\u00e1squez.<\/p>\n\n\n\n<p><strong>Gas domiciliario<\/strong><\/p>\n\n\n\n<p>Unos de los compromisos de la estatal en materia de cuidados, es con el medioambiente y en ese sentido, el gremio es consciente en los esfuerzos que se est\u00e1n realizando, especialmente con la incorporaci\u00f3n de energ\u00edas cero emisiones en su matriz energ\u00e9tica y con los avances en el desarrollo de la industria del hidr\u00f3geno verde, sin embargo, el Sindicato de Trabajadores fue enf\u00e1tico en recalcar que el gas domiciliario siempre ser\u00e1 un compromiso estable de la empresa para la comunidad y de primera prioridad.<\/p>\n\n\n\n<p>\u201cTal como se mencion\u00f3 en la cuenta p\u00fablica, la producci\u00f3n de gas de Enap Magallanes alcanza los 3,4 millones de m3\/d\u00eda, es decir un 10% superior a 2021, esto quiere decir que tenemos asegurado el gas por m\u00e1s de 20 a\u00f1os, gracias a las inversiones programadas. Como gremio velaremos para que ese compromiso entre la empresa y las familias magall\u00e1nicas sea permanente en el tiempo\u201d. Finaliz\u00f3 V\u00e1squez.<\/p>\n","protected":false},"excerpt":{"rendered":"<p>El pasado 30 de junio el Gerente de Enap Magallanes, Rodrigo Bustamante realiz\u00f3 su primera cuenta p\u00fablica, donde anunci\u00f3 mayores inversiones en los fondos concursables 2023, nuevos cursos de formaci\u00f3n&#8230; <a class=\"read-more\" href=\"https:\/\/www.radiopresidenteibanez.cl\/web\/presidenta-del-sindicato-trabajadores-de-enap-magallanes-no-podemos-dejar-de-mencionar-el-rol-de-las-y-los-trabajadores-sin-ellos-los-logros-de-la-empresa-regional-no-existirian\/\">Leer m\u00e1s<\/a><\/p>\n","protected":false},"author":2,"featured_media":40841,"comment_status":"closed","ping_status":"closed","sticky":false,"template":"","format":"standard","meta":{"footnotes":""},"categories":[1],"tags":[],"class_list":["post-40840","post","type-post","status-publish","format-standard","has-post-thumbnail","hentry","category-cronica"],"_links":{"self":[{"href":"https:\/\/www.radiopresidenteibanez.cl\/web\/wp-json\/wp\/v2\/posts\/40840","targetHints":{"allow":["GET"]}}],"collection":[{"href":"https:\/\/www.radiopresidenteibanez.cl\/web\/wp-json\/wp\/v2\/posts"}],"about":[{"href":"https:\/\/www.radiopresidenteibanez.cl\/web\/wp-json\/wp\/v2\/types\/post"}],"author":[{"embeddable":true,"href":"https:\/\/www.radiopresidenteibanez.cl\/web\/wp-json\/wp\/v2\/users\/2"}],"replies":[{"embeddable":true,"href":"https:\/\/www.radiopresidenteibanez.cl\/web\/wp-json\/wp\/v2\/comments?post=40840"}],"version-history":[{"count":0,"href":"https:\/\/www.radiopresidenteibanez.cl\/web\/wp-json\/wp\/v2\/posts\/40840\/revisions"}],"wp:featuredmedia":[{"embeddable":true,"href":"https:\/\/www.radiopresidenteibanez.cl\/web\/wp-json\/wp\/v2\/media\/40841"}],"wp:attachment":[{"href":"https:\/\/www.radiopresidenteibanez.cl\/web\/wp-json\/wp\/v2\/media?parent=40840"}],"wp:term":[{"taxonomy":"category","embeddable":true,"href":"https:\/\/www.radiopresidenteibanez.cl\/web\/wp-json\/wp\/v2\/categories?post=40840"},{"taxonomy":"post_tag","embeddable":true,"href":"https:\/\/www.radiopresidenteibanez.cl\/web\/wp-json\/wp\/v2\/tags?post=40840"}],"curies":[{"name":"wp","href":"https:\/\/api.w.org\/{rel}","templated":true}]}}