{"id":40821,"date":"2023-07-03T11:07:00","date_gmt":"2023-07-03T14:07:00","guid":{"rendered":"https:\/\/www.radiopresidenteibanez.cl\/web\/?p=40821"},"modified":"2023-07-03T09:35:14","modified_gmt":"2023-07-03T12:35:14","slug":"y-en-tanto-me-quede-amor-que-entregar-y-en-tanto-me-habite-una-gota-de-sangre-yo-defendere-mi-derecho-a-sonar-canta-francisco-villa","status":"publish","type":"post","link":"https:\/\/www.radiopresidenteibanez.cl\/web\/y-en-tanto-me-quede-amor-que-entregar-y-en-tanto-me-habite-una-gota-de-sangre-yo-defendere-mi-derecho-a-sonar-canta-francisco-villa\/","title":{"rendered":"\u00ab..Y en tanto me qued\u00e9 amor que entregar y en tanto me habite una gota de sangre yo defender\u00e9 mi derecho a so\u00f1ar..\u00bb canta Francisco Villa"},"content":{"rendered":"\n<p>Directamente en los Tribunales de Justicia: La denuncia deber\u00e1 interponerse por escrito, con patrocinio de abogado, ante el Juzgado del Trabajo competente, dentro del plazo de 60 d\u00edas h\u00e1biles contados desde que se produjo la vulneraci\u00f3n del derecho o garant\u00eda que se alega. Sin embargo, si el trabajador opt\u00f3 previamente por interponer la denuncia en la Inspecci\u00f3n del Trabajo, el plazo se suspender\u00e1 durante el tiempo que dure esta tramitaci\u00f3n administrativa. En todo caso, el plazo para denunciar en tribunales no podr\u00e1 prolongarse m\u00e1s all\u00e1 de 90 d\u00edas h\u00e1biles, contados desde la fecha de la vulneraci\u00f3n.<br>La persona que no pueda contar con un abogado particular, podr\u00e1 acudir a las Oficinas de Defensor\u00eda Laboral que operan en todas las regiones del pa\u00eds, a fin de obtener la asesor\u00eda jur\u00eddica especializada que requiere su denuncia o demanda.<\/p>\n\n\n\n<p>2.- Qu\u00e9 hacer frente a un despido vulneratorio: Si la persona ha sido despedida con vulneraci\u00f3n de sus derechos fundamentales, la acci\u00f3n judicial s\u00f3lo podr\u00e1 ser interpuesta por el trabajador afectado. La demanda debe presentarse dentro del plazo de sesenta d\u00edas contado desde la separaci\u00f3n y se suspender\u00e1 en la forma ya se\u00f1alada en el p\u00e1rrafo anterior. En estos casos el juez puede, en la sentencia, ordenar el pago de las indemnizaciones legales con recargo y, adicionalmente, condenar a una indemnizaci\u00f3n por una cantidad entre seis y once meses de la \u00faltima remuneraci\u00f3n mensual.<br>Cuando el Tribunal declara que el despido es discriminatorio (por actos de discriminaci\u00f3n cometidos por el empleador) y grave, el trabajador podr\u00e1 optar entre la reincorporaci\u00f3n o las indemnizaciones ya se\u00f1aladas.<br>Defender los derechos siempre ser\u00e1 una obligaci\u00f3n del trabajador, las organizaciones deben apoyarlos en este paso.<\/p>\n","protected":false},"excerpt":{"rendered":"<p>Directamente en los Tribunales de Justicia: La denuncia deber\u00e1 interponerse por escrito, con patrocinio de abogado, ante el Juzgado del Trabajo competente, dentro del plazo de 60 d\u00edas h\u00e1biles contados&#8230; <a class=\"read-more\" href=\"https:\/\/www.radiopresidenteibanez.cl\/web\/y-en-tanto-me-quede-amor-que-entregar-y-en-tanto-me-habite-una-gota-de-sangre-yo-defendere-mi-derecho-a-sonar-canta-francisco-villa\/\">Leer m\u00e1s<\/a><\/p>\n","protected":false},"author":2,"featured_media":40822,"comment_status":"closed","ping_status":"closed","sticky":false,"template":"","format":"standard","meta":{"footnotes":""},"categories":[1],"tags":[],"class_list":["post-40821","post","type-post","status-publish","format-standard","has-post-thumbnail","hentry","category-cronica"],"_links":{"self":[{"href":"https:\/\/www.radiopresidenteibanez.cl\/web\/wp-json\/wp\/v2\/posts\/40821","targetHints":{"allow":["GET"]}}],"collection":[{"href":"https:\/\/www.radiopresidenteibanez.cl\/web\/wp-json\/wp\/v2\/posts"}],"about":[{"href":"https:\/\/www.radiopresidenteibanez.cl\/web\/wp-json\/wp\/v2\/types\/post"}],"author":[{"embeddable":true,"href":"https:\/\/www.radiopresidenteibanez.cl\/web\/wp-json\/wp\/v2\/users\/2"}],"replies":[{"embeddable":true,"href":"https:\/\/www.radiopresidenteibanez.cl\/web\/wp-json\/wp\/v2\/comments?post=40821"}],"version-history":[{"count":0,"href":"https:\/\/www.radiopresidenteibanez.cl\/web\/wp-json\/wp\/v2\/posts\/40821\/revisions"}],"wp:featuredmedia":[{"embeddable":true,"href":"https:\/\/www.radiopresidenteibanez.cl\/web\/wp-json\/wp\/v2\/media\/40822"}],"wp:attachment":[{"href":"https:\/\/www.radiopresidenteibanez.cl\/web\/wp-json\/wp\/v2\/media?parent=40821"}],"wp:term":[{"taxonomy":"category","embeddable":true,"href":"https:\/\/www.radiopresidenteibanez.cl\/web\/wp-json\/wp\/v2\/categories?post=40821"},{"taxonomy":"post_tag","embeddable":true,"href":"https:\/\/www.radiopresidenteibanez.cl\/web\/wp-json\/wp\/v2\/tags?post=40821"}],"curies":[{"name":"wp","href":"https:\/\/api.w.org\/{rel}","templated":true}]}}