{"id":4081,"date":"2019-05-09T20:45:12","date_gmt":"2019-05-09T20:45:12","guid":{"rendered":"http:\/\/www.radiopresidenteibanez.cl\/web\/?p=4081"},"modified":"2019-05-10T01:50:08","modified_gmt":"2019-05-10T01:50:08","slug":"cristian-reveco-es-el-nuevo-jefe-del-area-de-educacion-de-la-cormupa","status":"publish","type":"post","link":"https:\/\/www.radiopresidenteibanez.cl\/web\/cristian-reveco-es-el-nuevo-jefe-del-area-de-educacion-de-la-cormupa\/","title":{"rendered":"CRISTIAN REVECO ES EL NUEVO JEFE DEL \u00c1REA DE EDUCACI\u00d3N DE LA CORMUPA"},"content":{"rendered":"\n<p>El alcalde Claudio Radonich present\u00f3 al nuevo Jefe del \u00c1rea Educaci\u00f3n de la Corporaci\u00f3n Municipal de Punta Arenas. Se trata de Cristian Reveco Soto, quien es Licenciado en Educaci\u00f3n menci\u00f3n Ingl\u00e9s de la Universidad de Magallanes\u00a0 y Diplomado en Direcci\u00f3n y Liderazgo Escolar, as\u00ed como tambi\u00e9n en Educaci\u00f3n, Planificaci\u00f3n y Administraci\u00f3n del National Institute of Educational Planning and Administration de la India.<\/p>\n\n\n\n<p>Cristian Reveco es docente con 10 a\u00f1os de experiencia en el sistema de educaci\u00f3n municipal, donde ha desarrollado labores como profesor de ingl\u00e9s, evaluador de ex\u00e1menes internacionales de ingl\u00e9s, relator en talleres PSP para evaluaci\u00f3n Docente, dirigente del colegio de profesores e inspector general de la Escuela Hernando de Magallanes.<\/p>\n\n\n\n<p>Posee excelencia pedag\u00f3gica, la cual ostenta desde el a\u00f1o 2011; igualmente, el a\u00f1o 2016 recibi\u00f3 el reconocimiento en el tramo Experto I, siendo uno de los pocos docentes directivos con esas competencias pedag\u00f3gicas en la Regi\u00f3n.<\/p>\n\n\n\n<p>De igual forma, durante&nbsp; el a\u00f1o 2016 form\u00f3 parte de la comisi\u00f3n de evaluaci\u00f3n de entrevistas, parte del proceso de evaluaci\u00f3n docente, instancia en la cual fue posible familiarizarse con el trabajo de r\u00fabricas y la utilizaci\u00f3n en detalle del marco para la buena ense\u00f1anza.<\/p>\n\n\n\n<p>Al a\u00f1o siguiente realiz\u00f3 el trabajo de investigaci\u00f3n de pr\u00e1cticas pedag\u00f3gicas exitosas, lo que permiti\u00f3 apoyar a cientos de docentes, no s\u00f3lo de la comuna sino de todo el pa\u00eds.<\/p>\n\n\n\n<p>Por otro lado, en el aspecto normativo, Reveco particip\u00f3 en el concurso de directores del a\u00f1o 2017, donde desarroll\u00f3 un an\u00e1lisis del Marco para la Buena Direcci\u00f3n escolar y los convenios directivos.<\/p>\n\n\n\n<p>El a\u00f1o 2018, se especializ\u00f3 en Liderazgo a trav\u00e9s del Diplomado de Liderazgo y Administraci\u00f3n dictado por la Universidad Cat\u00f3lica, y actualmente contin\u00faa perfeccion\u00e1ndose en la misma \u00e1rea, al desarrollar el Diplomado Internacional de Liderazgo, Planificaci\u00f3n y Administraci\u00f3n en el Instituto Nacional de Planificaci\u00f3n Educativa en Nueva Delhi, India.<\/p>\n\n\n\n<p>El nuevo jefe del \u00c1rea de Educaci\u00f3n de la Cormupa explic\u00f3 que \u201cel alcalde nos ha pedido enfocarnos en la Calidad de la Educaci\u00f3n para nuestros estudiantes, y por eso estamos trabajando en un proyecto escolar con miras a llevar a la Escuela a convertirse en comunidad de aprendizaje.<\/p>\n\n\n\n<p>Tambi\u00e9n consideramos la importancia de apoyar a los profesores n\u00f3veles, donde fijaremos &nbsp;una tutor\u00eda por cada directivo docente, atendiendo, apoyando y generando una visi\u00f3n institucional al docente reci\u00e9n ingresado. Este a\u00f1o el enfoque se desarrollar\u00e1 a trav\u00e9s de mentor\u00edas\u201d.<\/p>\n\n\n\n<figure class=\"wp-block-image\"><img loading=\"lazy\" decoding=\"async\" width=\"1024\" height=\"682\" src=\"https:\/\/www.radiopresidenteibanez.cl\/web\/wp-content\/uploads\/2019\/05\/WhatsApp-Image-2019-05-09-at-17.31.54-1024x682.jpeg\" alt=\"\" class=\"wp-image-4082\" srcset=\"https:\/\/www.radiopresidenteibanez.cl\/web\/wp-content\/uploads\/2019\/05\/WhatsApp-Image-2019-05-09-at-17.31.54-1024x682.jpeg 1024w, https:\/\/www.radiopresidenteibanez.cl\/web\/wp-content\/uploads\/2019\/05\/WhatsApp-Image-2019-05-09-at-17.31.54-300x200.jpeg 300w, https:\/\/www.radiopresidenteibanez.cl\/web\/wp-content\/uploads\/2019\/05\/WhatsApp-Image-2019-05-09-at-17.31.54-768x512.jpeg 768w, https:\/\/www.radiopresidenteibanez.cl\/web\/wp-content\/uploads\/2019\/05\/WhatsApp-Image-2019-05-09-at-17.31.54.jpeg 1280w\" sizes=\"auto, (max-width: 1024px) 100vw, 1024px\" \/><\/figure>\n","protected":false},"excerpt":{"rendered":"<p>El alcalde Claudio Radonich present\u00f3 al nuevo Jefe del \u00c1rea Educaci\u00f3n de la Corporaci\u00f3n Municipal de Punta Arenas. Se trata de Cristian Reveco Soto, quien es Licenciado en Educaci\u00f3n menci\u00f3n&#8230; <a class=\"read-more\" href=\"https:\/\/www.radiopresidenteibanez.cl\/web\/cristian-reveco-es-el-nuevo-jefe-del-area-de-educacion-de-la-cormupa\/\">Leer m\u00e1s<\/a><\/p>\n","protected":false},"author":2,"featured_media":4082,"comment_status":"closed","ping_status":"closed","sticky":false,"template":"","format":"standard","meta":{"footnotes":""},"categories":[1],"tags":[],"class_list":["post-4081","post","type-post","status-publish","format-standard","has-post-thumbnail","hentry","category-cronica"],"_links":{"self":[{"href":"https:\/\/www.radiopresidenteibanez.cl\/web\/wp-json\/wp\/v2\/posts\/4081","targetHints":{"allow":["GET"]}}],"collection":[{"href":"https:\/\/www.radiopresidenteibanez.cl\/web\/wp-json\/wp\/v2\/posts"}],"about":[{"href":"https:\/\/www.radiopresidenteibanez.cl\/web\/wp-json\/wp\/v2\/types\/post"}],"author":[{"embeddable":true,"href":"https:\/\/www.radiopresidenteibanez.cl\/web\/wp-json\/wp\/v2\/users\/2"}],"replies":[{"embeddable":true,"href":"https:\/\/www.radiopresidenteibanez.cl\/web\/wp-json\/wp\/v2\/comments?post=4081"}],"version-history":[{"count":0,"href":"https:\/\/www.radiopresidenteibanez.cl\/web\/wp-json\/wp\/v2\/posts\/4081\/revisions"}],"wp:featuredmedia":[{"embeddable":true,"href":"https:\/\/www.radiopresidenteibanez.cl\/web\/wp-json\/wp\/v2\/media\/4082"}],"wp:attachment":[{"href":"https:\/\/www.radiopresidenteibanez.cl\/web\/wp-json\/wp\/v2\/media?parent=4081"}],"wp:term":[{"taxonomy":"category","embeddable":true,"href":"https:\/\/www.radiopresidenteibanez.cl\/web\/wp-json\/wp\/v2\/categories?post=4081"},{"taxonomy":"post_tag","embeddable":true,"href":"https:\/\/www.radiopresidenteibanez.cl\/web\/wp-json\/wp\/v2\/tags?post=4081"}],"curies":[{"name":"wp","href":"https:\/\/api.w.org\/{rel}","templated":true}]}}