{"id":40792,"date":"2023-06-30T08:27:00","date_gmt":"2023-06-30T11:27:00","guid":{"rendered":"https:\/\/www.radiopresidenteibanez.cl\/web\/?p=40792"},"modified":"2023-06-30T08:12:47","modified_gmt":"2023-06-30T11:12:47","slug":"salud-implementa-vacunatorio-movil-en-punta-arenas-para-fortalecer-campana-contra-la-influenza","status":"publish","type":"post","link":"https:\/\/www.radiopresidenteibanez.cl\/web\/salud-implementa-vacunatorio-movil-en-punta-arenas-para-fortalecer-campana-contra-la-influenza\/","title":{"rendered":"SALUD IMPLEMENTA VACUNATORIO M\u00d3VIL EN PUNTA ARENAS PARA FORTALECER CAMPA\u00d1A CONTRA LA INFLUENZA"},"content":{"rendered":"\n<p>En el marco del fortalecimiento de la campa\u00f1a de vacunaci\u00f3n contra la Influenza que se encuentra<br>desarrollando el sector salud de Magallanes para aumentar los niveles de cobertura en la<br>poblaci\u00f3n, se implement\u00f3 un vacunatorio m\u00f3vil que recorrer\u00e1 diversos sectores de la ciudad de<br>Punta Arenas para acercar este importante proceso a la comunidad.<br>En la actualidad la cobertura a nivel regional de vacunaci\u00f3n contra Influenza al 29 de junio es de<br>un 65,41%, de un universo de 98.631 personas. Los p\u00fablicos objetivos que mantienen una baja<br>adhesi\u00f3n a la inoculaci\u00f3n son el grupo de embarazadas con un 41% y adultos mayores de 65 a\u00f1os<br>y m\u00e1s, con un 56%.<br>Por eso el llamado que se realiza a la comunidad es que concurra a protegerse oportunamente y<br>as\u00ed enfrentar este invierno de mejor manera, as\u00ed lo manifest\u00f3 la Seremi de Salud Francisca<br>Sanfuentes, quien agreg\u00f3 que la implementaci\u00f3n de este bus se complementa con las acciones<br>que se han venido desarrollando durante las \u00faltimas semanas como son los operativos<br>extramurales en juntas de vecinos o durante fines de semanas y festivos, adem\u00e1s de acciones en<br>instituciones y empresas, vacunaci\u00f3n en los centros de salud y lugares de alta afluencia de<br>personas, todas instancias para dar diversas opciones a la poblaci\u00f3n que por m\u00faltiples motivos no<br>ha acudido a vacunarse contra esta enfermedad.<br>La Seremi explic\u00f3 que \u201cnos encontramos en pleno periodo de campa\u00f1a invierno y de mayor<br>circulaci\u00f3n de virus respiratorios. Lo que hemos observado estas \u00faltimas semanas es que la<br>proporci\u00f3n de consultas respiratorias respecto del total en los servicios de urgencia ha disminuido<br>levemente, sin embargo, esto sigue en un contexto de alta consulta, ocupaci\u00f3n de camas y<br>hospitalizaci\u00f3n en general en nuestro pa\u00eds. La demanda de las consultas pedi\u00e1tricas ha disminuido,<br>pero esto no es un motivo para bajar la guardia, sino que mantenernos reforzando todas estas<br>medidas preventivas porque sabemos que si bien baj\u00f3 la circulaci\u00f3n de virus respiratorio sincicial,<br>est\u00e1n comenzando a incrementarse otros virus\u201d.<br>La autoridad de salud indic\u00f3 que se proyecta un aumento de la circulaci\u00f3n viral de influencia<br>durante las pr\u00f3ximas semanas, y es por eso que tenemos que vacunar a todas las personas que<br>conforman los grupos priorizados. La vacunaci\u00f3n reduce el riesgo de requerir hospitalizaci\u00f3n, as\u00ed<br>como tambi\u00e9n disminuye el riesgo de mortalidad por influenza. Evitar las hospitalizaciones por<br>esta causa permite no sobre exigir la red asistencial.<br>El Delegado Presidencial Regional, Jos\u00e9 Ruiz, indic\u00f3 que \u201cfrente a la alta circulaci\u00f3n de los virus<br>respiratorios es que se han tomado diversas medidas para abordar esta situaci\u00f3n, y una de estas<br>es la vacunaci\u00f3n, y especialmente acercando este proceso a la poblaci\u00f3n por medio de este bus. El<\/p>\n\n\n\n<p>llamado que realizamos a la comunidad es a vacunarse, particularmente a las personas sobre 65<br>a\u00f1os o que tengan enfermedades cr\u00f3nicas. Este bus va a estar en diversos lugares de la ciudad y<br>reitero la importancia de la vacunaci\u00f3n como medida preventiva ante el aumento de la circulaci\u00f3n<br>de las enfermedades respiratorias\u201d.<br>Consultada respecto a la implementaci\u00f3n de la estrategia de inoculaci\u00f3n m\u00f3vil, la directora del<br>Servicio de Salud Magallanes, Ver\u00f3nica Y\u00e1\u00f1ez, coment\u00f3 que \u201ccomo se\u00f1alaba SEREMI, nosotros<br>vemos que hay un aumento de circulaci\u00f3n viral paulatino de influenza, por lo que tambi\u00e9n el<br>llamado es a la vacunaci\u00f3n de influenza, adem\u00e1s de COVID-19, que tambi\u00e9n est\u00e1 disponible en<br>este m\u00f3vil. Es importante se\u00f1alar que tenemos bajas coberturas en relaci\u00f3n a la poblaci\u00f3n<br>objetivo, estamos cerca del 65% y para obtener una buena cobertura de vacunaci\u00f3n necesitamos a<br>lo menos el 80% de estos grupos que son prioritarios\u201d, indic\u00f3. La autoridad de salud, agreg\u00f3, que<br>lo principal es que la comunidad acceda a la vacunaci\u00f3n para prevenir enfermar de gravedad y<br>fortalezca los factores protectores, a fin de cuidar de su salud y de la de sus cercanos.<br>El Alcalde de Punta Arenas Claudio Radonich manifest\u00f3 que \u201ces importante que los vecinos<br>entiendan que hay un esfuerzo gigante del Gobierno para tener las vacunas, pero si la gente no va,<br>quedamos en las mismas. Hemos visto como los ni\u00f1os han sufrido durante las \u00faltimas semanas y<br>se ha hecho un gran esfuerzo por parte del sistema para poder atenderlos en nuestra regi\u00f3n de<br>una muy buena forma, pero lo que buscamos es que estos casos no lleguen al hospital y eso es<br>prevenci\u00f3n, as\u00ed que los invitamos a que se puedan vacunar. Hay que recordar que esto esta<br>pensado para los grupos objetivos, sobre todo los adultos mayores que no se han vacunado como<br>uno quisiera, as\u00ed que los invitamos a que nos puedan acompa\u00f1ar, adem\u00e1s de las embarazadas,<br>menores y personas con enfermedades cr\u00f3nicas\u201d.<br>El vacunatorio m\u00f3vil, que recorrer\u00e1 diversos sectores de la ciudad de Punta Arenas, ofrecer\u00e1 una<br>opci\u00f3n accesible para que la comunidad pueda recibir la vacuna contra la influenza. Las fechas y<br>ubicaciones espec\u00edficas de este m\u00f3vil ser\u00e1n anunciadas a trav\u00e9s de las redes sociales del sector<br>salud regional. Se invita a la comunidad a aprovechar esta oportunidad de proteger su salud y<br>contribuir a la prevenci\u00f3n de la influenza. La vacunaci\u00f3n masiva es un pilar fundamental en la<br>lucha contra esta enfermedad.<br>Este viernes 30 de junio este m\u00f3vil permanecer\u00e1 en la Plaza de Armas de Punta Arenas desde las<br>9.00 a las 19.00 horas.<\/p>\n","protected":false},"excerpt":{"rendered":"<p>En el marco del fortalecimiento de la campa\u00f1a de vacunaci\u00f3n contra la Influenza que se encuentradesarrollando el sector salud de Magallanes para aumentar los niveles de cobertura en lapoblaci\u00f3n, se&#8230; <a class=\"read-more\" href=\"https:\/\/www.radiopresidenteibanez.cl\/web\/salud-implementa-vacunatorio-movil-en-punta-arenas-para-fortalecer-campana-contra-la-influenza\/\">Leer m\u00e1s<\/a><\/p>\n","protected":false},"author":2,"featured_media":40793,"comment_status":"closed","ping_status":"closed","sticky":false,"template":"","format":"standard","meta":{"footnotes":""},"categories":[1],"tags":[],"class_list":["post-40792","post","type-post","status-publish","format-standard","has-post-thumbnail","hentry","category-cronica"],"_links":{"self":[{"href":"https:\/\/www.radiopresidenteibanez.cl\/web\/wp-json\/wp\/v2\/posts\/40792","targetHints":{"allow":["GET"]}}],"collection":[{"href":"https:\/\/www.radiopresidenteibanez.cl\/web\/wp-json\/wp\/v2\/posts"}],"about":[{"href":"https:\/\/www.radiopresidenteibanez.cl\/web\/wp-json\/wp\/v2\/types\/post"}],"author":[{"embeddable":true,"href":"https:\/\/www.radiopresidenteibanez.cl\/web\/wp-json\/wp\/v2\/users\/2"}],"replies":[{"embeddable":true,"href":"https:\/\/www.radiopresidenteibanez.cl\/web\/wp-json\/wp\/v2\/comments?post=40792"}],"version-history":[{"count":0,"href":"https:\/\/www.radiopresidenteibanez.cl\/web\/wp-json\/wp\/v2\/posts\/40792\/revisions"}],"wp:featuredmedia":[{"embeddable":true,"href":"https:\/\/www.radiopresidenteibanez.cl\/web\/wp-json\/wp\/v2\/media\/40793"}],"wp:attachment":[{"href":"https:\/\/www.radiopresidenteibanez.cl\/web\/wp-json\/wp\/v2\/media?parent=40792"}],"wp:term":[{"taxonomy":"category","embeddable":true,"href":"https:\/\/www.radiopresidenteibanez.cl\/web\/wp-json\/wp\/v2\/categories?post=40792"},{"taxonomy":"post_tag","embeddable":true,"href":"https:\/\/www.radiopresidenteibanez.cl\/web\/wp-json\/wp\/v2\/tags?post=40792"}],"curies":[{"name":"wp","href":"https:\/\/api.w.org\/{rel}","templated":true}]}}