{"id":4079,"date":"2019-05-09T19:44:23","date_gmt":"2019-05-09T19:44:23","guid":{"rendered":"http:\/\/www.radiopresidenteibanez.cl\/web\/?p=4079"},"modified":"2019-05-09T19:44:44","modified_gmt":"2019-05-09T19:44:44","slug":"consulta-indigena-2019-un-buen-dialogo-trae-buenos-acuerdos","status":"publish","type":"post","link":"https:\/\/www.radiopresidenteibanez.cl\/web\/consulta-indigena-2019-un-buen-dialogo-trae-buenos-acuerdos\/","title":{"rendered":"CONSULTA IND\u00cdGENA 2019: UN BUEN DI\u00c1LOGO TRAE BUENOS ACUERDOS"},"content":{"rendered":"\n<p>Cuando el Presidente Patricio Aylwin ingres\u00f3 el a\u00f1o 1991 al Congreso Nacional el Proyecto de Ley que crear\u00eda la Ley 19.253, que establece normas sobre protecci\u00f3n, fomento y desarrollo de los pueblos ind\u00edgenas, recogi\u00f3 las aspiraciones y la necesidad de sentar las bases de una nueva legislaci\u00f3n, que reconociera jur\u00eddicamente a los pueblos ind\u00edgenas que habitan en el pa\u00eds y estableciera una legislaci\u00f3n que permitiera promover el desarrollo de los pueblos ind\u00edgenas.<\/p>\n\n\n\n<p>Hoy, a 25 a\u00f1os de su promulgaci\u00f3n, aun cuando la Ley Ind\u00edgena ha permitido importantes avances en esta materia, han quedado al descubierto una serie de falencias que son necesarias de corregir y que mantienen a\u00fan vigentes los desaf\u00edos que en aquella \u00e9poca se buscaban solucionar. Los conflictos por tierras contin\u00faan y la poblaci\u00f3n ind\u00edgena del pa\u00eds vive en situaci\u00f3n de mayor pobreza y vulnerabilidad que la poblaci\u00f3n no ind\u00edgena.<\/p>\n\n\n\n<p>No podemos dejar pasar 25 a\u00f1os m\u00e1s y este ha sido precisamente uno de los objetivos que el Presidente Sebasti\u00e1n Pi\u00f1era se propuso alcanzar a trav\u00e9s del Acuerdo Nacional por el Desarrollo y la Paz en La Araucan\u00eda, presentado en septiembre de 2018. Ha llegado la hora de mejorar y actualizar la Ley Ind\u00edgena de 1993 bajo dos principios irrestrictos: las tierras ind\u00edgenas son y ser\u00e1n patrimonio ind\u00edgena y, por lo tanto, no se modificar\u00e1 el principio de protecci\u00f3n a la tierra ind\u00edgena; y para realizar cualquier cambio a la normativa vigente, de acuerdo a lo establecido en el Convenio 169 de la OIT, realizaremos un proceso de consulta ind\u00edgena previa e informada a los 9 pueblos que habitan en nuestro pa\u00eds.<\/p>\n\n\n\n<p>Con este esp\u00edritu, hemos escuchado la frustraci\u00f3n de muchas comunidades y sus l\u00edderes, quienes, a diferencia del resto de los chilenos, no pueden administrar libremente sus tierras como lo hace cualquier otro ciudadano y no se sienten due\u00f1os de ellas, porque por ejemplo no poseen t\u00edtulos individuales de dominio, no pueden postular a proyectos de desarrollo en sus propios terrenos; no pueden arrendarlos y en los casos en que s\u00ed est\u00e1n facultados para hacerlo, las personas naturales solo pueden firmar contratos por un m\u00e1ximo de 5 a\u00f1os. En definitiva, se sienten entrampados y sin alas para poder desarrollarse.<\/p>\n\n\n\n<p>Estamos comenzando un proceso de Consulta Ind\u00edgena liderado por el Ministerio de Desarrollo Social y Familia, que se iniciar\u00e1 el 22 de mayo en 131 localidades, desde Visviri a Puerto Williams. Esperamos contar con una gran convocatoria que permita conocer la visi\u00f3n y postura de todos los pueblos ind\u00edgenas y as\u00ed generar un di\u00e1logo fruct\u00edfero para alcanzar buenos acuerdos.<\/p>\n\n\n\n<p>Como Gobierno, creemos fehacientemente que un buen di\u00e1logo trae buenos acuerdos, raz\u00f3n por la cual es fundamental respetar el principio de buena fe, actuar con diligencia y disponer de todos los medios necesarios que permitan generar las condiciones adecuadas para que los pueblos ind\u00edgenas puedan intervenir de manera real y efectiva en un plano de igualdad.<\/p>\n\n\n\n<p>Es necesario comprender que con el transcurso de los a\u00f1os la realidad de las nuevas generaciones de los pueblos ind\u00edgenas se ha ido modificando, por lo que se hace imperioso actualizar la ley vigente en busca de entregar m\u00e1s y mejores oportunidades.<\/p>\n\n\n\n<figure class=\"wp-block-image\"><img loading=\"lazy\" decoding=\"async\" width=\"1024\" height=\"540\" src=\"http:\/\/www.radiopresidenteibanez.cl\/web\/wp-content\/uploads\/2019\/01\/panoramica-punta-arenas-1024x540.jpg\" alt=\"\" class=\"wp-image-740\" srcset=\"https:\/\/www.radiopresidenteibanez.cl\/web\/wp-content\/uploads\/2019\/01\/panoramica-punta-arenas-1024x540.jpg 1024w, https:\/\/www.radiopresidenteibanez.cl\/web\/wp-content\/uploads\/2019\/01\/panoramica-punta-arenas-300x158.jpg 300w, https:\/\/www.radiopresidenteibanez.cl\/web\/wp-content\/uploads\/2019\/01\/panoramica-punta-arenas-768x405.jpg 768w, https:\/\/www.radiopresidenteibanez.cl\/web\/wp-content\/uploads\/2019\/01\/panoramica-punta-arenas.jpg 1440w\" sizes=\"auto, (max-width: 1024px) 100vw, 1024px\" \/><\/figure>\n","protected":false},"excerpt":{"rendered":"<p>Cuando el Presidente Patricio Aylwin ingres\u00f3 el a\u00f1o 1991 al Congreso Nacional el Proyecto de Ley que crear\u00eda la Ley 19.253, que establece normas sobre protecci\u00f3n, fomento y desarrollo de&#8230; <a class=\"read-more\" href=\"https:\/\/www.radiopresidenteibanez.cl\/web\/consulta-indigena-2019-un-buen-dialogo-trae-buenos-acuerdos\/\">Leer m\u00e1s<\/a><\/p>\n","protected":false},"author":2,"featured_media":740,"comment_status":"closed","ping_status":"closed","sticky":false,"template":"","format":"standard","meta":{"footnotes":""},"categories":[1],"tags":[],"class_list":["post-4079","post","type-post","status-publish","format-standard","has-post-thumbnail","hentry","category-cronica"],"_links":{"self":[{"href":"https:\/\/www.radiopresidenteibanez.cl\/web\/wp-json\/wp\/v2\/posts\/4079","targetHints":{"allow":["GET"]}}],"collection":[{"href":"https:\/\/www.radiopresidenteibanez.cl\/web\/wp-json\/wp\/v2\/posts"}],"about":[{"href":"https:\/\/www.radiopresidenteibanez.cl\/web\/wp-json\/wp\/v2\/types\/post"}],"author":[{"embeddable":true,"href":"https:\/\/www.radiopresidenteibanez.cl\/web\/wp-json\/wp\/v2\/users\/2"}],"replies":[{"embeddable":true,"href":"https:\/\/www.radiopresidenteibanez.cl\/web\/wp-json\/wp\/v2\/comments?post=4079"}],"version-history":[{"count":0,"href":"https:\/\/www.radiopresidenteibanez.cl\/web\/wp-json\/wp\/v2\/posts\/4079\/revisions"}],"wp:featuredmedia":[{"embeddable":true,"href":"https:\/\/www.radiopresidenteibanez.cl\/web\/wp-json\/wp\/v2\/media\/740"}],"wp:attachment":[{"href":"https:\/\/www.radiopresidenteibanez.cl\/web\/wp-json\/wp\/v2\/media?parent=4079"}],"wp:term":[{"taxonomy":"category","embeddable":true,"href":"https:\/\/www.radiopresidenteibanez.cl\/web\/wp-json\/wp\/v2\/categories?post=4079"},{"taxonomy":"post_tag","embeddable":true,"href":"https:\/\/www.radiopresidenteibanez.cl\/web\/wp-json\/wp\/v2\/tags?post=4079"}],"curies":[{"name":"wp","href":"https:\/\/api.w.org\/{rel}","templated":true}]}}