{"id":40789,"date":"2023-06-29T19:50:00","date_gmt":"2023-06-29T22:50:00","guid":{"rendered":"https:\/\/www.radiopresidenteibanez.cl\/web\/?p=40789"},"modified":"2023-06-29T16:12:00","modified_gmt":"2023-06-29T19:12:00","slug":"plaza-de-justicia-y-dd-hh-atendera-este-sabado-en-oratorio-jacinto-bocco","status":"publish","type":"post","link":"https:\/\/www.radiopresidenteibanez.cl\/web\/plaza-de-justicia-y-dd-hh-atendera-este-sabado-en-oratorio-jacinto-bocco\/","title":{"rendered":"\u201cPLAZA DE JUSTICIA Y DD.HH.\u201d ATENDER\u00c1 ESTE S\u00c1BADO EN ORATORIO JACINTO BOCCO"},"content":{"rendered":"\n<p>Para responder dudas, brindar orientaciones y gestionar tr\u00e1mites a la ciudadan\u00eda, este s\u00e1bado 01, de 16:00 a 19:00 horas tendr\u00e1 lugar una nueva \u201cPlaza de Justicia y Derechos Humanos\u201d, en dependencias del Oratorio Jacinto Bocco (General Juan Salvo N\u00b0 0722), la cual contar\u00e1 con atenciones en terreno de todos los servicios del Ministerio de Justicia y Derechos Humanos.<\/p>\n\n\n\n<p>En este operativo en el barrio Prat, la Seremi de Justicia y DD.HH., Michelle Peutat Alvarado, destac\u00f3 que se contar\u00e1 de manera especial con la presencia del vacunatorio m\u00f3vil del Servicio de Salud Magallanes, y adem\u00e1s habr\u00e1 un stand del Servicio Nacional de Migraciones que entregar\u00e1 informaci\u00f3n referida a la nueva pol\u00edtica de enrolamiento biom\u00e9trico. Asimismo, quienes concurran podr\u00e1n durante la tarde acceder a cuatro distintas microcharlas sobre tem\u00e1ticas de distintos \u00e1mbitos del sector justicia, priorizadas de acuerdo al inter\u00e9s de las y los vecinos.<\/p>\n\n\n\n<p>Como es habitual, se otorgar\u00e1n all\u00ed diversas prestaciones como: obtenci\u00f3n de c\u00e9dulas de identidad y pasaportes, Clave \u00danica y certificados del Registro Civil, asesor\u00eda y orientaci\u00f3n jur\u00eddica gratuita en los \u00e1mbitos de familia, civil, laboral y penal, consultas sobre el proceso de eliminaci\u00f3n de antecedentes penales, entre otras. La autoridad regional de Justicia formul\u00f3 un llamado a la comunidad a aprovechar esta nueva instancia de difusi\u00f3n, promoci\u00f3n y atenciones extraordinarias de sus servicios dependientes y relacionados, que espera poder llevar pr\u00f3ximamente a otros sectores de la comuna y de la regi\u00f3n<\/p>\n","protected":false},"excerpt":{"rendered":"<p>Para responder dudas, brindar orientaciones y gestionar tr\u00e1mites a la ciudadan\u00eda, este s\u00e1bado 01, de 16:00 a 19:00 horas tendr\u00e1 lugar una nueva \u201cPlaza de Justicia y Derechos Humanos\u201d, en&#8230; <a class=\"read-more\" href=\"https:\/\/www.radiopresidenteibanez.cl\/web\/plaza-de-justicia-y-dd-hh-atendera-este-sabado-en-oratorio-jacinto-bocco\/\">Leer m\u00e1s<\/a><\/p>\n","protected":false},"author":2,"featured_media":40790,"comment_status":"closed","ping_status":"closed","sticky":false,"template":"","format":"standard","meta":{"footnotes":""},"categories":[1],"tags":[],"class_list":["post-40789","post","type-post","status-publish","format-standard","has-post-thumbnail","hentry","category-cronica"],"_links":{"self":[{"href":"https:\/\/www.radiopresidenteibanez.cl\/web\/wp-json\/wp\/v2\/posts\/40789","targetHints":{"allow":["GET"]}}],"collection":[{"href":"https:\/\/www.radiopresidenteibanez.cl\/web\/wp-json\/wp\/v2\/posts"}],"about":[{"href":"https:\/\/www.radiopresidenteibanez.cl\/web\/wp-json\/wp\/v2\/types\/post"}],"author":[{"embeddable":true,"href":"https:\/\/www.radiopresidenteibanez.cl\/web\/wp-json\/wp\/v2\/users\/2"}],"replies":[{"embeddable":true,"href":"https:\/\/www.radiopresidenteibanez.cl\/web\/wp-json\/wp\/v2\/comments?post=40789"}],"version-history":[{"count":0,"href":"https:\/\/www.radiopresidenteibanez.cl\/web\/wp-json\/wp\/v2\/posts\/40789\/revisions"}],"wp:featuredmedia":[{"embeddable":true,"href":"https:\/\/www.radiopresidenteibanez.cl\/web\/wp-json\/wp\/v2\/media\/40790"}],"wp:attachment":[{"href":"https:\/\/www.radiopresidenteibanez.cl\/web\/wp-json\/wp\/v2\/media?parent=40789"}],"wp:term":[{"taxonomy":"category","embeddable":true,"href":"https:\/\/www.radiopresidenteibanez.cl\/web\/wp-json\/wp\/v2\/categories?post=40789"},{"taxonomy":"post_tag","embeddable":true,"href":"https:\/\/www.radiopresidenteibanez.cl\/web\/wp-json\/wp\/v2\/tags?post=40789"}],"curies":[{"name":"wp","href":"https:\/\/api.w.org\/{rel}","templated":true}]}}