{"id":40780,"date":"2023-06-29T16:23:00","date_gmt":"2023-06-29T19:23:00","guid":{"rendered":"https:\/\/www.radiopresidenteibanez.cl\/web\/?p=40780"},"modified":"2023-06-29T15:52:40","modified_gmt":"2023-06-29T18:52:40","slug":"mas-de-500-mujeres-fueron-beneficiadas-en-proyecto-para-reducir-lista-de-espera-ginecologica","status":"publish","type":"post","link":"https:\/\/www.radiopresidenteibanez.cl\/web\/mas-de-500-mujeres-fueron-beneficiadas-en-proyecto-para-reducir-lista-de-espera-ginecologica\/","title":{"rendered":"MAS DE 500 MUJERES FUERON BENEFICIADAS EN PROYECTO PARA REDUCIR LISTA DE ESPERA GINECOLOGICA"},"content":{"rendered":"\n<p>Con 500 atenciones y 71 cirug\u00edas finaliz\u00f3 la iniciativa \u201cDisminuci\u00f3n de la brecha de atenci\u00f3n de salud de la mujer, a trav\u00e9s de la resoluci\u00f3n de consultas ginecol\u00f3gicas\u201d que fue impulsado por la Fundaci\u00f3n Hernando de Magallanes y financiado por el Gobierno Regional de Magallanes y de la Ant\u00e1rtica Chilena.<\/p>\n\n\n\n<p>El proyecto ten\u00eda como objetivo brindar un servicio integral de atenci\u00f3n especializada en salud y acompa\u00f1amiento a las usuarias pertenecientes a la lista de espera de consultas correspondientes al periodo 2020 a diciembre del 2021 y procedimientos ginecol\u00f3gicos desde el 2018 a julio 2022.<\/p>\n\n\n\n<p>Al respecto, el Gobernador Jorge Flies, declar\u00f3 que \u201cen el \u00e1rea de la salud uno de los temas fundamentales es reducir las listas de espera. Ac\u00e1 mediante consultas y cirug\u00edas sacamos a m\u00e1s de 500 personas de la lista de espera donde algunas estaban esperando m\u00e1s de tres a\u00f1os\u201d.<\/p>\n\n\n\n<p>En la misma l\u00ednea, el doctor Alejandro Altamirano, Presidente de la Fundaci\u00f3n Hernando de Magallanes, coment\u00f3 que \u201ceste proceso de reducci\u00f3n de lista de espera tuvo un desarrollo de seis meses con usuarios de toda la regi\u00f3n. Fue un desaf\u00edo muy importante para nosotros como fundaci\u00f3n\u201d.<\/p>\n\n\n\n<p>La ceremonia de cierre del proyecto se realiz\u00f3 en dependencias del Gobierno Regional y cont\u00f3 con la presencia de los pacientes beneficiados por la iniciativa.<\/p>\n\n\n\n<p>\u201cLlevaba tres a\u00f1os y medio esperando por una atenci\u00f3n y hoy d\u00eda gracias a Dios ya me estoy recuperando. Llevo diez d\u00edas desde la operaci\u00f3n y ya esto todo bien. Esto cambi\u00f3 totalmente mi vida\u201d dijo Sandra Bahamonde.<\/p>\n\n\n\n<p>Finalmente, Mercedes Saldivia, quien estaba cuatro a\u00f1os en lista de espera, se\u00f1al\u00f3 que \u201cmuy agradecida por el proyecto. No fui una ficha m\u00e1s, tuve una atenci\u00f3n personalizada y excelente. Me cambi\u00f3 la vida, ahora puedo vivir bien y dignamente\u201d.<\/p>\n","protected":false},"excerpt":{"rendered":"<p>Con 500 atenciones y 71 cirug\u00edas finaliz\u00f3 la iniciativa \u201cDisminuci\u00f3n de la brecha de atenci\u00f3n de salud de la mujer, a trav\u00e9s de la resoluci\u00f3n de consultas ginecol\u00f3gicas\u201d que fue&#8230; <a class=\"read-more\" href=\"https:\/\/www.radiopresidenteibanez.cl\/web\/mas-de-500-mujeres-fueron-beneficiadas-en-proyecto-para-reducir-lista-de-espera-ginecologica\/\">Leer m\u00e1s<\/a><\/p>\n","protected":false},"author":2,"featured_media":40781,"comment_status":"closed","ping_status":"closed","sticky":false,"template":"","format":"standard","meta":{"footnotes":""},"categories":[1],"tags":[],"class_list":["post-40780","post","type-post","status-publish","format-standard","has-post-thumbnail","hentry","category-cronica"],"_links":{"self":[{"href":"https:\/\/www.radiopresidenteibanez.cl\/web\/wp-json\/wp\/v2\/posts\/40780","targetHints":{"allow":["GET"]}}],"collection":[{"href":"https:\/\/www.radiopresidenteibanez.cl\/web\/wp-json\/wp\/v2\/posts"}],"about":[{"href":"https:\/\/www.radiopresidenteibanez.cl\/web\/wp-json\/wp\/v2\/types\/post"}],"author":[{"embeddable":true,"href":"https:\/\/www.radiopresidenteibanez.cl\/web\/wp-json\/wp\/v2\/users\/2"}],"replies":[{"embeddable":true,"href":"https:\/\/www.radiopresidenteibanez.cl\/web\/wp-json\/wp\/v2\/comments?post=40780"}],"version-history":[{"count":0,"href":"https:\/\/www.radiopresidenteibanez.cl\/web\/wp-json\/wp\/v2\/posts\/40780\/revisions"}],"wp:featuredmedia":[{"embeddable":true,"href":"https:\/\/www.radiopresidenteibanez.cl\/web\/wp-json\/wp\/v2\/media\/40781"}],"wp:attachment":[{"href":"https:\/\/www.radiopresidenteibanez.cl\/web\/wp-json\/wp\/v2\/media?parent=40780"}],"wp:term":[{"taxonomy":"category","embeddable":true,"href":"https:\/\/www.radiopresidenteibanez.cl\/web\/wp-json\/wp\/v2\/categories?post=40780"},{"taxonomy":"post_tag","embeddable":true,"href":"https:\/\/www.radiopresidenteibanez.cl\/web\/wp-json\/wp\/v2\/tags?post=40780"}],"curies":[{"name":"wp","href":"https:\/\/api.w.org\/{rel}","templated":true}]}}