{"id":40774,"date":"2023-06-29T13:55:00","date_gmt":"2023-06-29T16:55:00","guid":{"rendered":"https:\/\/www.radiopresidenteibanez.cl\/web\/?p=40774"},"modified":"2023-06-29T11:45:41","modified_gmt":"2023-06-29T14:45:41","slug":"el-lado-oscuro-de-la-luna-de-pink-floyd-en-el-ultimo-tren-a-casa","status":"publish","type":"post","link":"https:\/\/www.radiopresidenteibanez.cl\/web\/el-lado-oscuro-de-la-luna-de-pink-floyd-en-el-ultimo-tren-a-casa\/","title":{"rendered":"EL LADO OSCURO DE LA LUNA DE PINK FLOYD EN EL \u00daLTIMO TREN A CASA"},"content":{"rendered":"\n<p>Este viernes 30 de junio 19 hrs. (de Magallanes) el programa&nbsp;<em>\u201cEl \u00faltimo tren a casa\u201d<\/em>&nbsp;que produce el&nbsp;<em>Colectivo Aczi\u00f3n Kultural<\/em>&nbsp;y&nbsp; que conduce&nbsp;<em>Pedro Guichapany<\/em>&nbsp;presenta una edici\u00f3n dedicada a la celebraci\u00f3n de los 50 a\u00f1os del disco&nbsp;<em>\u201cThe Dark Side Of The moon\u201d (\u201cEl Lado Oscuro de la Luna\u201d)<\/em>&nbsp;del grupo brit\u00e1nico PINK FLOYD. El disco fue publicado el 1 de marzo de 1973 en los EE.UU y el 30 de marzo del mismo a\u00f1o en Inglaterra.<\/p>\n\n\n\n<p>A lo largo de la historia, distintas bandas han publicado discos que se han hecho un lugar importante en el coraz\u00f3n de sus seguidores. Sin embargo, hay otros registros que han traspasado toda frontera posible, sea de estilos o generaciones, transform\u00e1ndose en leyendas de la m\u00fasica. Uno de ellos es&nbsp;<em>\u00abThe Dark Side of the Moon\u00bb<\/em>, la obra maestra de&nbsp;<em>Pink Floyd<\/em>.<\/p>\n\n\n\n<p>Este 2023 se cumplen 50 a\u00f1os desde que se public\u00f3 el disco y las celebraciones contin\u00faan. Desde entonces se han conocido varios datos in\u00e9ditos y que marcan lo que fue su camino para salir a la luz.<\/p>\n\n\n\n<p>Datos<\/p>\n\n\n\n<p>&#8211;&nbsp;&nbsp;&nbsp;&nbsp;&nbsp;&nbsp;&nbsp;&nbsp;<em>\u201cEl nombre del disco casi cambia por culpa de otra banda\u201d<\/em>. Pese a que en todo el mundo se le conoce al registro como \u00abThe Dark Side of the Moon\u00bb, este no fue el primer nombre que llev\u00f3. Problemas con una banda llamada Medicine Head, que utiliz\u00f3 el mismo para uno de sus discos, oblig\u00f3 a que pasara a llamarse \u00abEclipse\u00bb (\u00faltima canci\u00f3n del disco). Sin embargo, el fracaso de sus colegas les permiti\u00f3 recuperar el t\u00edtulo y as\u00ed lograr la historia que conocemos.<\/p>\n\n\n\n<p>&#8211;&nbsp;&nbsp;&nbsp;&nbsp;&nbsp;&nbsp;&nbsp;&nbsp;&nbsp;<em>\u201cRoger Waters se encarg\u00f3 de todas las letras del disco\u201d<\/em>.&nbsp;&nbsp;Roger Waters hab\u00eda sido parte de las letras de canciones anteriores, como A Saucerful of Secrets, pero en este disco asumi\u00f3 por completo la autor\u00eda. Esto permiti\u00f3 a Pink Floyd dar un salto al respecto y pasar a contenidos m\u00e1s cr\u00edticos con la realidad de este momento. \u00abPara intentarlo y lograrlo tuve que patear y gritar en contra de las fronteras y de los caprichos de Syd (Barrett) para escribir letras que fueran m\u00e1s pol\u00edticas y filos\u00f3ficas\u00bb, se\u00f1al\u00f3 el m\u00fasico en el libro Comfortably Numb: The Inside Story of Pink Floyd, de Mark Blake.<\/p>\n\n\n\n<p>&#8211;&nbsp;&nbsp;&nbsp;&nbsp;&nbsp;&nbsp;&nbsp;&nbsp;&nbsp;<em>\u201cLos fans escucharon el disco antes de su publicaci\u00f3n\u201d<\/em>. Si bien el registro fue lanzado el 1 de marzo de 1973, Pink Floyd mostr\u00f3 un a\u00f1o antes parte de lo que vendr\u00eda. Durante la gira de 1972 y bajo el nombre de \u00abDark Side of the Moon: A Piece for Assorted Lunatics\u00bb, el grupo toc\u00f3 gran parte de lo que ser\u00e1 el LP, teniendo una tremenda recepci\u00f3n. \u00abLa forma en que una pieza se complementa con otra fue una parte fundamental (&#8230;) As\u00ed que pudimos trabajar en las transiciones como parte del proceso de grabaci\u00f3n\u00bb, dijo Alan Parsons, productor del disco, a la revista Rolling Stone en 2011.<\/p>\n\n\n\n<p>En el programa se escuchar\u00e1 la versi\u00f3n en vivo del disco&nbsp;<em>\u201cEl Lado Oscuro de la Luna\u201d<\/em>&nbsp;que&nbsp;<em>Pink Floyd<\/em>&nbsp;present\u00f3 en el Estadio Wembley de Londres el a\u00f1o 1974 a un a\u00f1o de su publicaci\u00f3n. Un registro hist\u00f3rico!<\/p>\n\n\n\n<p>Radio Presidente Ib\u00e1\u00f1ez:<\/p>\n\n\n\n<p>&#8211; 88.5 FM Punta Arenas y Porvenir<\/p>\n\n\n\n<p>&#8211; Canal 34 Tv Red Premium<\/p>\n\n\n\n<p>&#8211;&nbsp;<a href=\"http:\/\/www.radiopresidenteibanez.cl\/\" rel=\"noreferrer noopener\" target=\"_blank\">www.radiopresidenteibanez.cl<\/a><\/p>\n\n\n\n<p>&#8211; Facebook live<\/p>\n","protected":false},"excerpt":{"rendered":"<p>Este viernes 30 de junio 19 hrs. (de Magallanes) el programa&nbsp;\u201cEl \u00faltimo tren a casa\u201d&nbsp;que produce el&nbsp;Colectivo Aczi\u00f3n Kultural&nbsp;y&nbsp; que conduce&nbsp;Pedro Guichapany&nbsp;presenta una edici\u00f3n dedicada a la celebraci\u00f3n de los&#8230; <a class=\"read-more\" href=\"https:\/\/www.radiopresidenteibanez.cl\/web\/el-lado-oscuro-de-la-luna-de-pink-floyd-en-el-ultimo-tren-a-casa\/\">Leer m\u00e1s<\/a><\/p>\n","protected":false},"author":2,"featured_media":40775,"comment_status":"closed","ping_status":"closed","sticky":false,"template":"","format":"standard","meta":{"footnotes":""},"categories":[1],"tags":[],"class_list":["post-40774","post","type-post","status-publish","format-standard","has-post-thumbnail","hentry","category-cronica"],"_links":{"self":[{"href":"https:\/\/www.radiopresidenteibanez.cl\/web\/wp-json\/wp\/v2\/posts\/40774","targetHints":{"allow":["GET"]}}],"collection":[{"href":"https:\/\/www.radiopresidenteibanez.cl\/web\/wp-json\/wp\/v2\/posts"}],"about":[{"href":"https:\/\/www.radiopresidenteibanez.cl\/web\/wp-json\/wp\/v2\/types\/post"}],"author":[{"embeddable":true,"href":"https:\/\/www.radiopresidenteibanez.cl\/web\/wp-json\/wp\/v2\/users\/2"}],"replies":[{"embeddable":true,"href":"https:\/\/www.radiopresidenteibanez.cl\/web\/wp-json\/wp\/v2\/comments?post=40774"}],"version-history":[{"count":0,"href":"https:\/\/www.radiopresidenteibanez.cl\/web\/wp-json\/wp\/v2\/posts\/40774\/revisions"}],"wp:featuredmedia":[{"embeddable":true,"href":"https:\/\/www.radiopresidenteibanez.cl\/web\/wp-json\/wp\/v2\/media\/40775"}],"wp:attachment":[{"href":"https:\/\/www.radiopresidenteibanez.cl\/web\/wp-json\/wp\/v2\/media?parent=40774"}],"wp:term":[{"taxonomy":"category","embeddable":true,"href":"https:\/\/www.radiopresidenteibanez.cl\/web\/wp-json\/wp\/v2\/categories?post=40774"},{"taxonomy":"post_tag","embeddable":true,"href":"https:\/\/www.radiopresidenteibanez.cl\/web\/wp-json\/wp\/v2\/tags?post=40774"}],"curies":[{"name":"wp","href":"https:\/\/api.w.org\/{rel}","templated":true}]}}