{"id":40771,"date":"2023-06-29T12:37:00","date_gmt":"2023-06-29T15:37:00","guid":{"rendered":"https:\/\/www.radiopresidenteibanez.cl\/web\/?p=40771"},"modified":"2023-06-29T11:40:15","modified_gmt":"2023-06-29T14:40:15","slug":"fosis-impulsa-campana-para-incentivar-la-formalizacion-de-emprendedores","status":"publish","type":"post","link":"https:\/\/www.radiopresidenteibanez.cl\/web\/fosis-impulsa-campana-para-incentivar-la-formalizacion-de-emprendedores\/","title":{"rendered":"FOSIS IMPULSA CAMPA\u00d1A PARA INCENTIVAR LA FORMALIZACION DE EMPRENDEDORES"},"content":{"rendered":"\n<p>\u201cDa un salto a la formalizaci\u00f3n\u201d es el nombre de esta campa\u00f1a promovida por el<br>Ministerio de Desarrollo Social y Familia junto al Fondo de Solidaridad e Inversi\u00f3n Social,<br>FOSIS, para incentivar a emprendedores y emprendedoras a dar el paso a la regularizaci\u00f3n<br>de sus negocios.<br>Por ello, hasta el centro comercial Espacio Urbano Pionero lleg\u00f3 el director regional del<br>FOSIS, Felipe Jeria Palma, para entregar informaci\u00f3n y conversar con las emprendedoras<br>que est\u00e1n participando en la Feria de la Mujer, protagonizada por personas usuarias de los<br>programas de emprendimiento de este servicio p\u00fablico.<br>\u201cBusca incentivar a las personas emprendedoras a que encaucen sus actividades hacia la<br>formalizaci\u00f3n. Creemos que es sumamente necesario que las personas&nbsp;entiendan y sepan<br>que el proceso de formalizaci\u00f3n reporta una serie de beneficios que les permite crecer y<br>abrirse a otros mercados\u201d, destac\u00f3 el director regional del FOSIS.<br>La emprendedora Mirtha \u00c1guila ofrece diversos tipos de masajes: descontracturante,<br>reductivo y de relajaci\u00f3n. \u201cPuedo invitar a otras compa\u00f1eras que tengan<br>emprendimientos peque\u00f1os y que no se atreven a formalizarse a que pierdan los miedos,<br>porque yo ten\u00eda uno de esos temores, que al formalizarme iba a perder los derechos o<br>beneficios a muchas cosas y no fue as\u00ed, ni siquiera me ha cambiado la ficha social\u201d.<br>Por su parte, Luisa Bustamante, responsable del emprendimiento Joyas LB, formaliz\u00f3 hace<br>un par de a\u00f1os su negocio. \u201cMe ha beneficiado en el tema de la comercializaci\u00f3n, porque<br>he optado, por ejemplo, a vender a locales establecidos donde me piden boleta o factura,<br>en ese aspecto me ha dado la oportunidad para vender en otros lados y tambi\u00e9n a<br>acceder a proyectos\u201d.<br>Entre los beneficios que se dieron a conocer respecto de la formalizaci\u00f3n destacan la<br>apertura de puertas a nuevos y mejores mercados, la facilitaci\u00f3n de acceso a cr\u00e9ditos y<br>subsidios, una mayor credibilidad de parte de los clientes, la posibilidad de ser proveedor<br>de otros negocios, evitar riesgos de multas al Servicio de Impuestos Internos y que no se<br>pierden los beneficios sociales.<\/p>\n\n\n\n<p>Seg\u00fan la Encuesta Nacional de Empleo del Instituto Nacional de Estad\u00edsticas (INE), en el<br>trimestre m\u00f3vil enero-marzo de 2023, exist\u00edan cerca de 2,4 millones de personas en<br>empleos informales, de las cuales un 62% se desempe\u00f1aba en empresas del sector<br>informal y un 32% en empresas del sector formal, siendo los grupos m\u00e1s afectados las<br>mujeres, los j\u00f3venes entre 15 y 24 a\u00f1os y los adultos mayores.<\/p>\n","protected":false},"excerpt":{"rendered":"<p>\u201cDa un salto a la formalizaci\u00f3n\u201d es el nombre de esta campa\u00f1a promovida por elMinisterio de Desarrollo Social y Familia junto al Fondo de Solidaridad e Inversi\u00f3n Social,FOSIS, para incentivar&#8230; <a class=\"read-more\" href=\"https:\/\/www.radiopresidenteibanez.cl\/web\/fosis-impulsa-campana-para-incentivar-la-formalizacion-de-emprendedores\/\">Leer m\u00e1s<\/a><\/p>\n","protected":false},"author":2,"featured_media":40772,"comment_status":"closed","ping_status":"closed","sticky":false,"template":"","format":"standard","meta":{"footnotes":""},"categories":[1],"tags":[],"class_list":["post-40771","post","type-post","status-publish","format-standard","has-post-thumbnail","hentry","category-cronica"],"_links":{"self":[{"href":"https:\/\/www.radiopresidenteibanez.cl\/web\/wp-json\/wp\/v2\/posts\/40771","targetHints":{"allow":["GET"]}}],"collection":[{"href":"https:\/\/www.radiopresidenteibanez.cl\/web\/wp-json\/wp\/v2\/posts"}],"about":[{"href":"https:\/\/www.radiopresidenteibanez.cl\/web\/wp-json\/wp\/v2\/types\/post"}],"author":[{"embeddable":true,"href":"https:\/\/www.radiopresidenteibanez.cl\/web\/wp-json\/wp\/v2\/users\/2"}],"replies":[{"embeddable":true,"href":"https:\/\/www.radiopresidenteibanez.cl\/web\/wp-json\/wp\/v2\/comments?post=40771"}],"version-history":[{"count":0,"href":"https:\/\/www.radiopresidenteibanez.cl\/web\/wp-json\/wp\/v2\/posts\/40771\/revisions"}],"wp:featuredmedia":[{"embeddable":true,"href":"https:\/\/www.radiopresidenteibanez.cl\/web\/wp-json\/wp\/v2\/media\/40772"}],"wp:attachment":[{"href":"https:\/\/www.radiopresidenteibanez.cl\/web\/wp-json\/wp\/v2\/media?parent=40771"}],"wp:term":[{"taxonomy":"category","embeddable":true,"href":"https:\/\/www.radiopresidenteibanez.cl\/web\/wp-json\/wp\/v2\/categories?post=40771"},{"taxonomy":"post_tag","embeddable":true,"href":"https:\/\/www.radiopresidenteibanez.cl\/web\/wp-json\/wp\/v2\/tags?post=40771"}],"curies":[{"name":"wp","href":"https:\/\/api.w.org\/{rel}","templated":true}]}}