{"id":40757,"date":"2023-06-29T08:25:00","date_gmt":"2023-06-29T11:25:00","guid":{"rendered":"https:\/\/www.radiopresidenteibanez.cl\/web\/?p=40757"},"modified":"2023-06-29T08:15:58","modified_gmt":"2023-06-29T11:15:58","slug":"en-el-dia-del-orgullo-ministerio-de-justicia-y-ddhhanuncia-reforma-a-ley-antidiscriminacion","status":"publish","type":"post","link":"https:\/\/www.radiopresidenteibanez.cl\/web\/en-el-dia-del-orgullo-ministerio-de-justicia-y-ddhhanuncia-reforma-a-ley-antidiscriminacion\/","title":{"rendered":"EN EL D\u00cdA DEL ORGULLO MINISTERIO DE JUSTICIA Y DDHHANUNCIA REFORMA A LEY ANTIDISCRIMINACI\u00d3N"},"content":{"rendered":"\n<p>Como una tem\u00e1tica fundamental para todas y todos los chilenos, calific\u00f3 la Seremi de Justicia y<br>DD.HH., Michelle Peutat Alvarado, el anuncio realizado hoy por el Ministro (S) Jaime Gajardo<br>Falc\u00f3n, referido al reciente ingreso de una serie de indicaciones para fortalecer la \u201cLey Zamudio\u201d<br>(20.609), proyecto actualmente en tr\u00e1mite en la Comisi\u00f3n de Derechos Humanos y Pueblos<br>Originarios de la C\u00e1mara de Diputadas y Diputados.<br>En la instancia, se\u00f1al\u00f3 que se inform\u00f3 adem\u00e1s de la creaci\u00f3n del Consejo de Igualdad y No<br>Discriminaci\u00f3n, medidas que, en su conjunto, \u201cpermitir\u00e1n articular una institucionalidad<br>antidiscriminatoria, en pro de la defensa de grupos de especial protecci\u00f3n, y cuya institucionalidad<br>quedar\u00e1 radicada en la Subsecretar\u00eda de Derechos Humanos, dependiente del Ministerio de Justicia<br>y DD.HH.\u201d.<br>Para la autoridad, esta reforma legislativa significar\u00e1 poder contar con una institucionalidad s\u00f3lida<br>que velar\u00e1 por los derechos de igualdad de todas las personas que conviven en nuestro pa\u00eds,<br>destacando la creaci\u00f3n de un Consejo antidiscriminaci\u00f3n, \u201cy de esta manera poder contar con una<br>pol\u00edtica de Estado que permitan tambi\u00e9n priorizar en la prevenci\u00f3n, promoci\u00f3n, educaci\u00f3n y<br>erradicaci\u00f3n de toda forma de discriminaci\u00f3n\u201d.<br>La Seremi agreg\u00f3 esta nueva indicaci\u00f3n del Ejecutivo, que busca modernizar la legislaci\u00f3n vigente,<br>expresa un compromiso claro del Gobierno con la agenda de la diversidad, por lo que espera que<br>cuente con un apoyo transversal en el Congreso Nacional, de manera de poder construir una<br>mejor forma de convivencia, como tarea que no s\u00f3lo compete a un gobierno y al Congreso, sino<br>que a todo el conjunto de nuestra sociedad chilena en un esfuerzo colectivo.<\/p>\n","protected":false},"excerpt":{"rendered":"<p>Como una tem\u00e1tica fundamental para todas y todos los chilenos, calific\u00f3 la Seremi de Justicia yDD.HH., Michelle Peutat Alvarado, el anuncio realizado hoy por el Ministro (S) Jaime GajardoFalc\u00f3n, referido&#8230; <a class=\"read-more\" href=\"https:\/\/www.radiopresidenteibanez.cl\/web\/en-el-dia-del-orgullo-ministerio-de-justicia-y-ddhhanuncia-reforma-a-ley-antidiscriminacion\/\">Leer m\u00e1s<\/a><\/p>\n","protected":false},"author":2,"featured_media":40758,"comment_status":"closed","ping_status":"closed","sticky":false,"template":"","format":"standard","meta":{"footnotes":""},"categories":[1],"tags":[],"class_list":["post-40757","post","type-post","status-publish","format-standard","has-post-thumbnail","hentry","category-cronica"],"_links":{"self":[{"href":"https:\/\/www.radiopresidenteibanez.cl\/web\/wp-json\/wp\/v2\/posts\/40757","targetHints":{"allow":["GET"]}}],"collection":[{"href":"https:\/\/www.radiopresidenteibanez.cl\/web\/wp-json\/wp\/v2\/posts"}],"about":[{"href":"https:\/\/www.radiopresidenteibanez.cl\/web\/wp-json\/wp\/v2\/types\/post"}],"author":[{"embeddable":true,"href":"https:\/\/www.radiopresidenteibanez.cl\/web\/wp-json\/wp\/v2\/users\/2"}],"replies":[{"embeddable":true,"href":"https:\/\/www.radiopresidenteibanez.cl\/web\/wp-json\/wp\/v2\/comments?post=40757"}],"version-history":[{"count":0,"href":"https:\/\/www.radiopresidenteibanez.cl\/web\/wp-json\/wp\/v2\/posts\/40757\/revisions"}],"wp:featuredmedia":[{"embeddable":true,"href":"https:\/\/www.radiopresidenteibanez.cl\/web\/wp-json\/wp\/v2\/media\/40758"}],"wp:attachment":[{"href":"https:\/\/www.radiopresidenteibanez.cl\/web\/wp-json\/wp\/v2\/media?parent=40757"}],"wp:term":[{"taxonomy":"category","embeddable":true,"href":"https:\/\/www.radiopresidenteibanez.cl\/web\/wp-json\/wp\/v2\/categories?post=40757"},{"taxonomy":"post_tag","embeddable":true,"href":"https:\/\/www.radiopresidenteibanez.cl\/web\/wp-json\/wp\/v2\/tags?post=40757"}],"curies":[{"name":"wp","href":"https:\/\/api.w.org\/{rel}","templated":true}]}}