{"id":40754,"date":"2023-06-28T17:55:00","date_gmt":"2023-06-28T20:55:00","guid":{"rendered":"https:\/\/www.radiopresidenteibanez.cl\/web\/?p=40754"},"modified":"2023-06-28T15:43:48","modified_gmt":"2023-06-28T18:43:48","slug":"sence-trabajo-y-minvu-informan-apertura-de-50-cupos-para-maestras-y-maestros-constructores","status":"publish","type":"post","link":"https:\/\/www.radiopresidenteibanez.cl\/web\/sence-trabajo-y-minvu-informan-apertura-de-50-cupos-para-maestras-y-maestros-constructores\/","title":{"rendered":"SENCE, TRABAJO Y MINVU INFORMAN APERTURA DE 50 CUPOS PARA MAESTRAS Y MAESTROS CONSTRUCTORES"},"content":{"rendered":"\n<p>A partir de la alianza p\u00fablico-privada entre los ministerios del Trabajo, Vivienda, Sence y la C\u00e1mara Chilena de la Construcci\u00f3n (CChc) establecida en el marco del Plan de Emergencia Habitacional, el a\u00f1o pasado el Gobierno lanz\u00f3 los Cursos para Maestras y Maestros Constructores, tras el cual egresaron 45 nuevas trabajadoras y trabajadores de la Construcci\u00f3n en la zona.<\/p>\n\n\n\n<p>En este segundo llamado se busca capacitar a 50 nuevos magall\u00e1nicos y magall\u00e1nicas a fin de continuar generando acciones que posibiliten el acceso a empleos de calidad y respondan a la necesidad de contratar personas con las competencias necesarias para desempe\u00f1arse en este rubro.<\/p>\n\n\n\n<p>As\u00ed lo destac\u00f3 la Seremi del Trabajo, Doris Sandoval, en el marco de este lanzamiento. \u201cNuestro gobierno est\u00e1 comprometido en hacer un proceso de capacitaci\u00f3n a fin de lograr dos desaf\u00edos: Alcanzar la meta que nos hemos propuesto de llegar a la construcci\u00f3n de 260 mil viviendas en estos cuatro a\u00f1os y, asimismo, lograr una mano de obra capacitada con \u00e9nfasis en la formaci\u00f3n de mujeres. Por eso hoy lanzamos esta segunda fase del programa Maestros y Maestras de la Construcci\u00f3n, en el que invitamos a hombres y mujeres a ser parte a trav\u00e9s de estos 50 cupos que tenemos disponibles\u201d, se\u00f1al\u00f3.<\/p>\n\n\n\n<p>Al respecto, el Seremi de Vivienda y Urbanismo, Marco Uribe, agreg\u00f3 que \u201ccomo gobierno tenemos una meta importante a nivel regional de 3.500 viviendas y tambi\u00e9n necesitamos seguir perfeccionando la calidad de la construcci\u00f3n. Las viviendas que estamos entregando son de alto est\u00e1ndar, evaluadas muy bien a nivel nacional, por lo que esta colaboraci\u00f3n para perfeccionar la mano de obra es algo importante e innovador que hemos decidido llevar adelante\u201d.<\/p>\n\n\n\n<p>Para esta segunda etapa, los cursos (de 128 horas de duraci\u00f3n promedio) ser\u00e1n impartidos a trav\u00e9s del programa de Becas Laborales. Para ello, se abrir\u00e1 un total de 4.075 cupos a nivel nacional, con una inversi\u00f3n superior a los $3.600 millones, provenientes del fondo de Becas Laborales de la Otic CChC.<\/p>\n\n\n\n<p>Seg\u00fan expuso la Seremi de la Mujer y Equidad de G\u00e9nero, Alejandra Ruiz, \u201cen este caso, la idea es acortar la brecha de empleabilidad de las mujeres. Si bien es cierto, en Magallanes hemos avanzado respecto a las cifras que ten\u00edamos en pandemia, debemos continuar. Por eso es muy importante esta capacitaci\u00f3n como maestras constructoras con la que esperamos aportar a este desaf\u00edo de m\u00e1s viviendas y, a su vez, mejorar la calidad del trabajo de las mujeres\u201d.<\/p>\n\n\n\n<p>La directora regional (s) de Sence, Doris Manqui\u00e1n explic\u00f3 que \u201cen la partida anterior, tuvimos a 44 personas capacitadas. De ellas, m\u00e1s del 65% fueron mujeres. Respecto a los requisitos, pueden postular hombres y mujeres desde los 18 a\u00f1os en adelante que tengan un registro social de hogares del 80%, pero tambi\u00e9n puedan postular personas migrantes regularizadas, mujeres jefas de hogar y tambi\u00e9n estamos haciendo un trabajo con diferentes instituciones, servicios p\u00fablicos y organizaciones de mujeres para que tengan mejores posibilidades de emplearse\u201d.<\/p>\n\n\n\n<p>En la Regi\u00f3n de Magallanes, para el a\u00f1o 2023, a trav\u00e9s del Programa Becas Laborales, se dispone de 50 cupos, alcanzando una inversi\u00f3n $ 46.201.600 mil pesos y se espera iniciar los cursos en el mes de agosto de 2023.<\/p>\n\n\n\n<p>La postulaci\u00f3n se puede realizar a trav\u00e9s del sitio web de sence <a href=\"http:\/\/www.sence.cl\">www.sence.cl<\/a>, tambi\u00e9n a trav\u00e9s de la plataforma <a href=\"http:\/\/www.eligetucurso.sence.cl\">eligetucurso.sence.cl<\/a> y acudiendo a la oficina regional de Sence, ubicada en calle Magallanes N\u00b0538, Punta Arenas.<\/p>\n\n\n\n<p><strong>Requisitos<\/strong><\/p>\n\n\n\n<p>A trav\u00e9s del programa Becas Laborales, quienes pueden acceder son:<\/p>\n\n\n\n<p>1.&nbsp;&nbsp; Mujeres jefas de hogar derivadas desde SERNAMEG o PRODEMU.<\/p>\n\n\n\n<p>2.&nbsp;&nbsp; Personas desocupadas.<\/p>\n\n\n\n<p>3.&nbsp;&nbsp; Personas Migrantes desocupadas.<\/p>\n\n\n\n<p>4.&nbsp;&nbsp; Personas pertenecientes al 80% de la poblaci\u00f3n m\u00e1s vulnerable, seg\u00fan RSH<\/p>\n\n\n\n<p>5.&nbsp;&nbsp; Trabajadores\/as activos\/as o en proceso de reconversi\u00f3n laboral de 18 a\u00f1os o m\u00e1s, cuya remuneraci\u00f3n promedio imponible que no supere los $900.000 mensuales, con 6 cotizaciones pagadas, continuas o discontinuas, en los \u00faltimos 24 meses.<\/p>\n\n\n\n<p>6.&nbsp;&nbsp; Trabajadores\/as por Cuenta Propia con iniciaci\u00f3n de actividades y con renta promedio mensual imponible que imponible que no supere los $900.000 mensuales A su vez el programa contempla el beneficio de subsidio diario, fijado en $4.000 por d\u00eda asistido; subsidio de cuidado infantil, fijado en $5.000 por d\u00eda asistido para aquellas personas con menores de 6 a\u00f1os bajo su cuidado; y seguro contra accidentes en la capacitaci\u00f3n<\/p>\n","protected":false},"excerpt":{"rendered":"<p>A partir de la alianza p\u00fablico-privada entre los ministerios del Trabajo, Vivienda, Sence y la C\u00e1mara Chilena de la Construcci\u00f3n (CChc) establecida en el marco del Plan de Emergencia Habitacional,&#8230; <a class=\"read-more\" href=\"https:\/\/www.radiopresidenteibanez.cl\/web\/sence-trabajo-y-minvu-informan-apertura-de-50-cupos-para-maestras-y-maestros-constructores\/\">Leer m\u00e1s<\/a><\/p>\n","protected":false},"author":2,"featured_media":40755,"comment_status":"closed","ping_status":"closed","sticky":false,"template":"","format":"standard","meta":{"footnotes":""},"categories":[1],"tags":[],"class_list":["post-40754","post","type-post","status-publish","format-standard","has-post-thumbnail","hentry","category-cronica"],"_links":{"self":[{"href":"https:\/\/www.radiopresidenteibanez.cl\/web\/wp-json\/wp\/v2\/posts\/40754","targetHints":{"allow":["GET"]}}],"collection":[{"href":"https:\/\/www.radiopresidenteibanez.cl\/web\/wp-json\/wp\/v2\/posts"}],"about":[{"href":"https:\/\/www.radiopresidenteibanez.cl\/web\/wp-json\/wp\/v2\/types\/post"}],"author":[{"embeddable":true,"href":"https:\/\/www.radiopresidenteibanez.cl\/web\/wp-json\/wp\/v2\/users\/2"}],"replies":[{"embeddable":true,"href":"https:\/\/www.radiopresidenteibanez.cl\/web\/wp-json\/wp\/v2\/comments?post=40754"}],"version-history":[{"count":0,"href":"https:\/\/www.radiopresidenteibanez.cl\/web\/wp-json\/wp\/v2\/posts\/40754\/revisions"}],"wp:featuredmedia":[{"embeddable":true,"href":"https:\/\/www.radiopresidenteibanez.cl\/web\/wp-json\/wp\/v2\/media\/40755"}],"wp:attachment":[{"href":"https:\/\/www.radiopresidenteibanez.cl\/web\/wp-json\/wp\/v2\/media?parent=40754"}],"wp:term":[{"taxonomy":"category","embeddable":true,"href":"https:\/\/www.radiopresidenteibanez.cl\/web\/wp-json\/wp\/v2\/categories?post=40754"},{"taxonomy":"post_tag","embeddable":true,"href":"https:\/\/www.radiopresidenteibanez.cl\/web\/wp-json\/wp\/v2\/tags?post=40754"}],"curies":[{"name":"wp","href":"https:\/\/api.w.org\/{rel}","templated":true}]}}