{"id":4075,"date":"2019-05-09T18:54:12","date_gmt":"2019-05-09T18:54:12","guid":{"rendered":"http:\/\/www.radiopresidenteibanez.cl\/web\/?p=4075"},"modified":"2019-05-09T18:54:37","modified_gmt":"2019-05-09T18:54:37","slug":"senador-carlos-bianchi-requirio-informacion-a-carabineros-respecto-a-dotacion-de-efectivos-y-medios-logisticos-para-efectuar-su-labor-en-la-region","status":"publish","type":"post","link":"https:\/\/www.radiopresidenteibanez.cl\/web\/senador-carlos-bianchi-requirio-informacion-a-carabineros-respecto-a-dotacion-de-efectivos-y-medios-logisticos-para-efectuar-su-labor-en-la-region\/","title":{"rendered":"SENADOR CARLOS BIANCHI REQUIRI\u00d3 INFORMACI\u00d3N A CARABINEROS RESPECTO A DOTACI\u00d3N DE EFECTIVOS Y MEDIOS LOG\u00cdSTICOS PARA EFECTUAR SU LABOR EN LA REGI\u00d3N"},"content":{"rendered":"\n<p>Luego de diversas reuniones en juntas vecinales, clubes\nde adulto mayor y centros de madres, en el marco de las actividades territoriales,\nel senador de Magallanes, Carlos Bianchi, recogi\u00f3 la inquietud respecto a una\neventual alza de delitos violentos en la regi\u00f3n, en particular la comuna de\nPunta Arenas.<\/p>\n\n\n\n<p>Al respecto el legislador Magall\u00e1nico, dijo que, \u201csin\nintenci\u00f3n de llegar una opini\u00f3n alarmista, lo que se debe evitar que en la\nregi\u00f3n es que los delitos violentos como homicidios, robos o tr\u00e1fico, pasen a ser\ncomunes o se asuman como \u2018normales\u2019, teniendo en particular consideraci\u00f3n que\na\u00fan nos reconocemos como una zona con buenos \u00edndices en seguridad p\u00fablica.\u201d<\/p>\n\n\n\n<p>En ese contexto, Bianchi dijo que \u201csi bien se reconoce un\ntrabajo efectivo en el esclarecimiento de estos hechos punibles, resulta\nnecesario conocer si un factor para este posible aumento pueda ser una baja en\nla dotaci\u00f3n del personal de Carabineros, instituci\u00f3n que tiene a su cargo el actuar\ncomo organismo policial preventivo.\u201d<\/p>\n\n\n\n<p>En ese contexto el senador Bianchi solicit\u00f3 v\u00eda oficio al\nJefe de la XII Zona de Carabineros, Regi\u00f3n de Magallanes y Ant\u00e1rtica Chilena,\nGeneral Roberto Machuca Rojas, que tenga a bien informar el\nn\u00famero de efectivos en servicio activo que desempe\u00f1an actualmente funciones en\nlas diversas unidades policiales de la regi\u00f3n.<\/p>\n\n\n\n<p>Asimismo enviar\ninformaci\u00f3n de los \u00faltimos 10 a\u00f1os con la finalidad que la misma pueda ser\ncomparada, por cuanto existe la percepci\u00f3n que existe una baja en la dotaci\u00f3n.\nComo tambi\u00e9n saber si se mantienen en actividades administrativas personal de\nformaci\u00f3n policial y si ello ocurre, se analice la factibilidad que \u00e9stos puedan\nprestar servicios en la poblaci\u00f3n.<\/p>\n\n\n\n<p>Bianchi, adem\u00e1s solicit\u00f3\nse detalle los medios log\u00edsticos que se utilizan para el correcto desempe\u00f1o de\nla labor encomendada en Orden, Seguridad e Investigaciones, indicando cuantos\nse encuentran en pleno servicio, cuantos est\u00e1n por perder vida \u00fatil y las\nmodalidades que se contemplan para sus reemplazos.<\/p>\n\n\n\n<p>De existir una baja en la dotaci\u00f3n de efectivos, durante el presente a\u00f1o, en comparaci\u00f3n a a\u00f1os anteriores,\u00a0 el senador Bianchi solicit\u00f3, se informe las medidas adoptadas a fin de no afectar la labor policial, como as\u00ed tampoco se derive en una sobrecarga de horas de trabajo del personal policial, esto considerando que la regi\u00f3n ha sostenida alza de habitantes en la \u00faltima d\u00e9cada.<\/p>\n\n\n\n<figure class=\"wp-block-image\"><img loading=\"lazy\" decoding=\"async\" width=\"900\" height=\"694\" src=\"https:\/\/www.radiopresidenteibanez.cl\/web\/wp-content\/uploads\/2019\/05\/cbch1.jpg\" alt=\"\" class=\"wp-image-4076\" srcset=\"https:\/\/www.radiopresidenteibanez.cl\/web\/wp-content\/uploads\/2019\/05\/cbch1.jpg 900w, https:\/\/www.radiopresidenteibanez.cl\/web\/wp-content\/uploads\/2019\/05\/cbch1-300x231.jpg 300w, https:\/\/www.radiopresidenteibanez.cl\/web\/wp-content\/uploads\/2019\/05\/cbch1-768x592.jpg 768w\" sizes=\"auto, (max-width: 900px) 100vw, 900px\" \/><figcaption>????????????????????????????????????<\/figcaption><\/figure>\n","protected":false},"excerpt":{"rendered":"<p>Luego de diversas reuniones en juntas vecinales, clubes de adulto mayor y centros de madres, en el marco de las actividades territoriales, el senador de Magallanes, Carlos Bianchi, recogi\u00f3 la&#8230; <a class=\"read-more\" href=\"https:\/\/www.radiopresidenteibanez.cl\/web\/senador-carlos-bianchi-requirio-informacion-a-carabineros-respecto-a-dotacion-de-efectivos-y-medios-logisticos-para-efectuar-su-labor-en-la-region\/\">Leer m\u00e1s<\/a><\/p>\n","protected":false},"author":2,"featured_media":4076,"comment_status":"closed","ping_status":"closed","sticky":false,"template":"","format":"standard","meta":{"footnotes":""},"categories":[1],"tags":[],"class_list":["post-4075","post","type-post","status-publish","format-standard","has-post-thumbnail","hentry","category-cronica"],"_links":{"self":[{"href":"https:\/\/www.radiopresidenteibanez.cl\/web\/wp-json\/wp\/v2\/posts\/4075","targetHints":{"allow":["GET"]}}],"collection":[{"href":"https:\/\/www.radiopresidenteibanez.cl\/web\/wp-json\/wp\/v2\/posts"}],"about":[{"href":"https:\/\/www.radiopresidenteibanez.cl\/web\/wp-json\/wp\/v2\/types\/post"}],"author":[{"embeddable":true,"href":"https:\/\/www.radiopresidenteibanez.cl\/web\/wp-json\/wp\/v2\/users\/2"}],"replies":[{"embeddable":true,"href":"https:\/\/www.radiopresidenteibanez.cl\/web\/wp-json\/wp\/v2\/comments?post=4075"}],"version-history":[{"count":0,"href":"https:\/\/www.radiopresidenteibanez.cl\/web\/wp-json\/wp\/v2\/posts\/4075\/revisions"}],"wp:featuredmedia":[{"embeddable":true,"href":"https:\/\/www.radiopresidenteibanez.cl\/web\/wp-json\/wp\/v2\/media\/4076"}],"wp:attachment":[{"href":"https:\/\/www.radiopresidenteibanez.cl\/web\/wp-json\/wp\/v2\/media?parent=4075"}],"wp:term":[{"taxonomy":"category","embeddable":true,"href":"https:\/\/www.radiopresidenteibanez.cl\/web\/wp-json\/wp\/v2\/categories?post=4075"},{"taxonomy":"post_tag","embeddable":true,"href":"https:\/\/www.radiopresidenteibanez.cl\/web\/wp-json\/wp\/v2\/tags?post=4075"}],"curies":[{"name":"wp","href":"https:\/\/api.w.org\/{rel}","templated":true}]}}