{"id":40729,"date":"2023-06-28T08:17:46","date_gmt":"2023-06-28T11:17:46","guid":{"rendered":"https:\/\/www.radiopresidenteibanez.cl\/web\/?p=40729"},"modified":"2023-06-28T08:19:24","modified_gmt":"2023-06-28T11:19:24","slug":"tras-90-dias-de-navegacionarribo-ferry-kenos-a-chile","status":"publish","type":"post","link":"https:\/\/www.radiopresidenteibanez.cl\/web\/tras-90-dias-de-navegacionarribo-ferry-kenos-a-chile\/","title":{"rendered":"TRAS 90 DIAS DE NAVEGACIONARRIBO FERRY KENOS A CHILE"},"content":{"rendered":"\n<p>En la tarde de ayer arrib\u00f3 a Puerto Montt el ferry K\u00e9nos de TABSA, embarcaci\u00f3n de \u00faltima generaci\u00f3n que naveg\u00f3 m\u00e1s de 12.000 millas n\u00e1uticas, durante 90 d\u00edas, a trav\u00e9s del oc\u00e9ano Pacifico, y que su incorporaci\u00f3n a la flota de la empresa naviera implicar\u00e1 un aumento de un 29 por ciento en la capacidad de traslado de carga.<\/p>\n\n\n\n<p>Tras su paso por la capital de la regi\u00f3n de Los Lagos, el K\u00e9nos zarpar\u00e1 hacia la regi\u00f3n de Magallanes en donde operar\u00e1 dentro de las rutas de TABSA.<\/p>\n\n\n\n<p>El K\u00e9nos es un ferry de 6 pistas, con una eslora (largo) de 89 metros y casi 21 metros de manga (ancho), cuya funci\u00f3n es el traslado de pasajeros, rodados y otro tipo de cargas especiales con sus 395 metros lineales, con una capacidad de carga de 600 toneladas y&nbsp;343&nbsp;pasajeros.<\/p>\n","protected":false},"excerpt":{"rendered":"<p>En la tarde de ayer arrib\u00f3 a Puerto Montt el ferry K\u00e9nos de TABSA, embarcaci\u00f3n de \u00faltima generaci\u00f3n que naveg\u00f3 m\u00e1s de 12.000 millas n\u00e1uticas, durante 90 d\u00edas, a trav\u00e9s&#8230; <a class=\"read-more\" href=\"https:\/\/www.radiopresidenteibanez.cl\/web\/tras-90-dias-de-navegacionarribo-ferry-kenos-a-chile\/\">Leer m\u00e1s<\/a><\/p>\n","protected":false},"author":2,"featured_media":40730,"comment_status":"closed","ping_status":"closed","sticky":false,"template":"","format":"standard","meta":{"footnotes":""},"categories":[1],"tags":[],"class_list":["post-40729","post","type-post","status-publish","format-standard","has-post-thumbnail","hentry","category-cronica"],"_links":{"self":[{"href":"https:\/\/www.radiopresidenteibanez.cl\/web\/wp-json\/wp\/v2\/posts\/40729","targetHints":{"allow":["GET"]}}],"collection":[{"href":"https:\/\/www.radiopresidenteibanez.cl\/web\/wp-json\/wp\/v2\/posts"}],"about":[{"href":"https:\/\/www.radiopresidenteibanez.cl\/web\/wp-json\/wp\/v2\/types\/post"}],"author":[{"embeddable":true,"href":"https:\/\/www.radiopresidenteibanez.cl\/web\/wp-json\/wp\/v2\/users\/2"}],"replies":[{"embeddable":true,"href":"https:\/\/www.radiopresidenteibanez.cl\/web\/wp-json\/wp\/v2\/comments?post=40729"}],"version-history":[{"count":0,"href":"https:\/\/www.radiopresidenteibanez.cl\/web\/wp-json\/wp\/v2\/posts\/40729\/revisions"}],"wp:featuredmedia":[{"embeddable":true,"href":"https:\/\/www.radiopresidenteibanez.cl\/web\/wp-json\/wp\/v2\/media\/40730"}],"wp:attachment":[{"href":"https:\/\/www.radiopresidenteibanez.cl\/web\/wp-json\/wp\/v2\/media?parent=40729"}],"wp:term":[{"taxonomy":"category","embeddable":true,"href":"https:\/\/www.radiopresidenteibanez.cl\/web\/wp-json\/wp\/v2\/categories?post=40729"},{"taxonomy":"post_tag","embeddable":true,"href":"https:\/\/www.radiopresidenteibanez.cl\/web\/wp-json\/wp\/v2\/tags?post=40729"}],"curies":[{"name":"wp","href":"https:\/\/api.w.org\/{rel}","templated":true}]}}