{"id":4072,"date":"2019-05-09T16:02:16","date_gmt":"2019-05-09T16:02:16","guid":{"rendered":"http:\/\/www.radiopresidenteibanez.cl\/web\/?p=4072"},"modified":"2019-05-09T16:02:46","modified_gmt":"2019-05-09T16:02:46","slug":"sindicato-de-trabajadores-de-la-empresa-areas-verdes-comenzaron-huelga-legal-desde-este-jueves","status":"publish","type":"post","link":"https:\/\/www.radiopresidenteibanez.cl\/web\/sindicato-de-trabajadores-de-la-empresa-areas-verdes-comenzaron-huelga-legal-desde-este-jueves\/","title":{"rendered":"SINDICATO DE TRABAJADORES DE LA EMPRESA \u00c1REAS VERDES COMENZARON HUELGA LEGAL DESDE ESTE JUEVES"},"content":{"rendered":"\n<p>En horas de la ma\u00f1ana a las afueras de una de las dependencias de \u00c1reas Verdes, ubicada en calle Ignacio Carrera Pinto con Augusto Lutz, cerca de 40 trabajadores perteneciente al sindicato, comenzaron la huelga legal, luego de no tener respuesta a sus peticiones por parte de la empresa.<\/p>\n\n\n\n<p>A pesar de lo anterior, la empresa est\u00e1 realizando la recolecci\u00f3n de residuos  domiciliarios en los diferentes sector correspondiente al d\u00eda jueves.<\/p>\n\n\n\n<figure class=\"wp-block-image\"><img loading=\"lazy\" decoding=\"async\" width=\"1024\" height=\"768\" src=\"https:\/\/www.radiopresidenteibanez.cl\/web\/wp-content\/uploads\/2019\/05\/FB_IMG_1557416323954-1024x768.jpg\" alt=\"\" class=\"wp-image-4073\" srcset=\"https:\/\/www.radiopresidenteibanez.cl\/web\/wp-content\/uploads\/2019\/05\/FB_IMG_1557416323954-1024x768.jpg 1024w, https:\/\/www.radiopresidenteibanez.cl\/web\/wp-content\/uploads\/2019\/05\/FB_IMG_1557416323954-300x225.jpg 300w, https:\/\/www.radiopresidenteibanez.cl\/web\/wp-content\/uploads\/2019\/05\/FB_IMG_1557416323954-768x576.jpg 768w, https:\/\/www.radiopresidenteibanez.cl\/web\/wp-content\/uploads\/2019\/05\/FB_IMG_1557416323954.jpg 1280w\" sizes=\"auto, (max-width: 1024px) 100vw, 1024px\" \/><figcaption>foto RR.SS<\/figcaption><\/figure>\n","protected":false},"excerpt":{"rendered":"<p>En horas de la ma\u00f1ana a las afueras de una de las dependencias de \u00c1reas Verdes, ubicada en calle Ignacio Carrera Pinto con Augusto Lutz, cerca de 40 trabajadores perteneciente&#8230; <a class=\"read-more\" href=\"https:\/\/www.radiopresidenteibanez.cl\/web\/sindicato-de-trabajadores-de-la-empresa-areas-verdes-comenzaron-huelga-legal-desde-este-jueves\/\">Leer m\u00e1s<\/a><\/p>\n","protected":false},"author":2,"featured_media":4073,"comment_status":"closed","ping_status":"closed","sticky":false,"template":"","format":"standard","meta":{"footnotes":""},"categories":[1],"tags":[],"class_list":["post-4072","post","type-post","status-publish","format-standard","has-post-thumbnail","hentry","category-cronica"],"_links":{"self":[{"href":"https:\/\/www.radiopresidenteibanez.cl\/web\/wp-json\/wp\/v2\/posts\/4072","targetHints":{"allow":["GET"]}}],"collection":[{"href":"https:\/\/www.radiopresidenteibanez.cl\/web\/wp-json\/wp\/v2\/posts"}],"about":[{"href":"https:\/\/www.radiopresidenteibanez.cl\/web\/wp-json\/wp\/v2\/types\/post"}],"author":[{"embeddable":true,"href":"https:\/\/www.radiopresidenteibanez.cl\/web\/wp-json\/wp\/v2\/users\/2"}],"replies":[{"embeddable":true,"href":"https:\/\/www.radiopresidenteibanez.cl\/web\/wp-json\/wp\/v2\/comments?post=4072"}],"version-history":[{"count":0,"href":"https:\/\/www.radiopresidenteibanez.cl\/web\/wp-json\/wp\/v2\/posts\/4072\/revisions"}],"wp:featuredmedia":[{"embeddable":true,"href":"https:\/\/www.radiopresidenteibanez.cl\/web\/wp-json\/wp\/v2\/media\/4073"}],"wp:attachment":[{"href":"https:\/\/www.radiopresidenteibanez.cl\/web\/wp-json\/wp\/v2\/media?parent=4072"}],"wp:term":[{"taxonomy":"category","embeddable":true,"href":"https:\/\/www.radiopresidenteibanez.cl\/web\/wp-json\/wp\/v2\/categories?post=4072"},{"taxonomy":"post_tag","embeddable":true,"href":"https:\/\/www.radiopresidenteibanez.cl\/web\/wp-json\/wp\/v2\/tags?post=4072"}],"curies":[{"name":"wp","href":"https:\/\/api.w.org\/{rel}","templated":true}]}}