{"id":40716,"date":"2023-06-27T18:43:00","date_gmt":"2023-06-27T21:43:00","guid":{"rendered":"https:\/\/www.radiopresidenteibanez.cl\/web\/?p=40716"},"modified":"2023-06-27T10:56:25","modified_gmt":"2023-06-27T13:56:25","slug":"senama-y-seremi-del-trabajo-se-unen-para-realizar-charlas-sobre-reforma-de-pensiones","status":"publish","type":"post","link":"https:\/\/www.radiopresidenteibanez.cl\/web\/senama-y-seremi-del-trabajo-se-unen-para-realizar-charlas-sobre-reforma-de-pensiones\/","title":{"rendered":"SENAMA Y SEREMI DEL TRABAJO SE UNEN PARA REALIZAR CHARLAS SOBRE REFORMA DE PENSIONES"},"content":{"rendered":"\n<p>Parte del equipo de la Seremi del Trabajo, junto al Servicio Nacional del Adulto Mayor (Senama) Magallanes y con apoyo de la Delegaci\u00f3n provincial de \u00daltima Esperanza, llevaron a cabo la primera charla y conversatorio sobre el proyecto de reforma para mejorar las pensiones, a adultas y adultos mayores de la comuna de Puerto Natales.<\/p>\n\n\n\n<p>La exposici\u00f3n y posterior conversaci\u00f3n sobre la iniciativa se extendi\u00f3 por una hora y media con dirigentes e integrantes de diferentes organizaciones de personas mayores de la comuna y se enmarc\u00f3 en las jornadas territoriales de Senama, las cuales se desarrollar\u00e1n en las cuatro provincias de la regi\u00f3n.<\/p>\n\n\n\n<p>Al respecto, la Delegada Provincial Romina \u00c1lvarez Alarc\u00f3n, se refiri\u00f3 al fortalecimiento del tejido social como eje de gobierno, a trav\u00e9s de la participaci\u00f3n ciudadana y se\u00f1al\u00f3 \u201cEs por eso que hoy estuvimos dialogando sobre lo que ser\u00eda la reforma de pensiones, que nos permitir\u00eda crear un sistema mixto y poner en valor la dignidad econ\u00f3mica, social y la articulaci\u00f3n que significa hoy d\u00eda poder crear mejores y mayores oportunidades para las personas mayores\u201d, indic\u00f3.<\/p>\n\n\n\n<p>Sobre lo mismo, la Seremi del Trabajo, Doris Sandoval, destac\u00f3 que \u201ctenemos muy claras cu\u00e1les son las necesidades de las personas mayores y una de ellas es aumentar las pensiones ahora y no en 20 a\u00f1os m\u00e1s. Por eso, esta semana, junto a Senama, iniciamos las jornadas de conversaci\u00f3n que tendremos con adultas y adultos mayores de las diferentes provincias sobre la reforma de pensiones, para explicarles, con palabras simples, en qu\u00e9 consiste nuestro proyecto y de qu\u00e9 manera busca mejorar el sistema de pensiones actual\u201d.<\/p>\n\n\n\n<p>Por otro lado, el coordinador regional de Senama, Nicol\u00e1s Soto, enmarc\u00f3 la actividad dentro del programa escuelas de participaci\u00f3n y se\u00f1al\u00f3 que \u201cson jornadas territoriales provinciales, que se realizan en las tres provincias de la regi\u00f3n de Magallanes, con diferentes temas y enfoques que nos piden las mismas personas mayores\u201d.<\/p>\n\n\n\n<p>A su vez, Marcelo Trivi\u00f1o, director del Instituto de Seguridad Laboral (ISL) quien acudi\u00f3 como representante de la Seremi del Trabajo, coment\u00f3 que parte del equipo viaj\u00f3 desde Punta Arenas \u201ca exponer los pilares principales de la reforma de pensiones, Sistema Mixto, que explica la realidad actual de los pensionados chilenos versus los eventuales efectos que producir\u00eda la aprobaci\u00f3n de la reforma previsional que hoy se encuentra presentada en el parlamento\u201d. A\u00f1adi\u00f3 la importancia de conocer esta reforma ya que es un \u201ctema esencial en la vida de millones de personas\u201d.<\/p>\n","protected":false},"excerpt":{"rendered":"<p>Parte del equipo de la Seremi del Trabajo, junto al Servicio Nacional del Adulto Mayor (Senama) Magallanes y con apoyo de la Delegaci\u00f3n provincial de \u00daltima Esperanza, llevaron a cabo&#8230; <a class=\"read-more\" href=\"https:\/\/www.radiopresidenteibanez.cl\/web\/senama-y-seremi-del-trabajo-se-unen-para-realizar-charlas-sobre-reforma-de-pensiones\/\">Leer m\u00e1s<\/a><\/p>\n","protected":false},"author":2,"featured_media":40717,"comment_status":"closed","ping_status":"closed","sticky":false,"template":"","format":"standard","meta":{"footnotes":""},"categories":[1],"tags":[],"class_list":["post-40716","post","type-post","status-publish","format-standard","has-post-thumbnail","hentry","category-cronica"],"_links":{"self":[{"href":"https:\/\/www.radiopresidenteibanez.cl\/web\/wp-json\/wp\/v2\/posts\/40716","targetHints":{"allow":["GET"]}}],"collection":[{"href":"https:\/\/www.radiopresidenteibanez.cl\/web\/wp-json\/wp\/v2\/posts"}],"about":[{"href":"https:\/\/www.radiopresidenteibanez.cl\/web\/wp-json\/wp\/v2\/types\/post"}],"author":[{"embeddable":true,"href":"https:\/\/www.radiopresidenteibanez.cl\/web\/wp-json\/wp\/v2\/users\/2"}],"replies":[{"embeddable":true,"href":"https:\/\/www.radiopresidenteibanez.cl\/web\/wp-json\/wp\/v2\/comments?post=40716"}],"version-history":[{"count":0,"href":"https:\/\/www.radiopresidenteibanez.cl\/web\/wp-json\/wp\/v2\/posts\/40716\/revisions"}],"wp:featuredmedia":[{"embeddable":true,"href":"https:\/\/www.radiopresidenteibanez.cl\/web\/wp-json\/wp\/v2\/media\/40717"}],"wp:attachment":[{"href":"https:\/\/www.radiopresidenteibanez.cl\/web\/wp-json\/wp\/v2\/media?parent=40716"}],"wp:term":[{"taxonomy":"category","embeddable":true,"href":"https:\/\/www.radiopresidenteibanez.cl\/web\/wp-json\/wp\/v2\/categories?post=40716"},{"taxonomy":"post_tag","embeddable":true,"href":"https:\/\/www.radiopresidenteibanez.cl\/web\/wp-json\/wp\/v2\/tags?post=40716"}],"curies":[{"name":"wp","href":"https:\/\/api.w.org\/{rel}","templated":true}]}}