{"id":40713,"date":"2023-06-27T17:23:00","date_gmt":"2023-06-27T20:23:00","guid":{"rendered":"https:\/\/www.radiopresidenteibanez.cl\/web\/?p=40713"},"modified":"2023-06-27T10:50:30","modified_gmt":"2023-06-27T13:50:30","slug":"minvu-iniciara-la-construccion-de-un-nuevo-tramo-de-ciclovia-por-avenida-bulnes","status":"publish","type":"post","link":"https:\/\/www.radiopresidenteibanez.cl\/web\/minvu-iniciara-la-construccion-de-un-nuevo-tramo-de-ciclovia-por-avenida-bulnes\/","title":{"rendered":"MINVU INICIARA LA CONSTRUCCION DE UN NUEVO TRAMO DE CICLOVIA POR AVENIDA BULNES"},"content":{"rendered":"\n<p>El pr\u00f3ximo mi\u00e9rcoles 28 de junio comenzar\u00e1 la ejecuci\u00f3n del contrato de construcci\u00f3n de otros tres kil\u00f3metros de ciclov\u00edas para la comuna de Punta Arenas. Se trata de 14 tramos de ciclorutas que ir\u00e1n por el lado poniente del bandej\u00f3n central de la Avenida Presidente Manuel Bulnes, conectando la ciudad de centro a norte.<\/p>\n\n\n\n<p>Los trabajos se iniciar\u00e1n en dos frentes: partir\u00e1n simult\u00e1neamente desde la calle Los Flamencos, al norte, y desde la calle Sarmiento, en el centro. Esta cicloruta de alto est\u00e1ndar se construir\u00e1 con espacios p\u00fablicos tipo ciclo-parque.<\/p>\n\n\n\n<p>\u201cLa construcci\u00f3n de esta red de alto est\u00e1ndar busca realzar el uso de estas v\u00edas como un espacio para un transporte sostenible, generando as\u00ed ciudades accesibles e inclusivas. Este proyecto contempla la recuperaci\u00f3n de \u00e1reas verdes, se\u00f1alizaci\u00f3n, aceras, rampas de accesibilidad universal, iluminaci\u00f3n y obras de seguridad, adem\u00e1s de un sistema de monitoreo por medio de contadores de bicicletas estrat\u00e9gicamente distribuidos\u201d, inform\u00f3 la Directora del Serviu, Mar\u00eda Luz Gajardo Salazar.<\/p>\n\n\n\n<p>El proyecto considera una inversi\u00f3n de 3.110 millones de pesos, aportados por el Ministerio de Vivienda y Urbanismo (Minvu), y la constructora Salfa estar\u00e1 a cargo de las obras, con inspecci\u00f3n del Serviu y con un plazo de ejecuci\u00f3n 450 d\u00edas corridos.<\/p>\n\n\n\n<p>La ciclov\u00eda en calzada consiste en una pista de dos metros, bidireccional de sur a norte, exclusiva para ciclistas por el lado poniente de la Avenida Bulnes, separada de la circulaci\u00f3n vehicular por tachones reflectantes y demarcaci\u00f3n.<\/p>\n\n\n\n<p>\u201cLos trabajos, de acuerdo con el plan de seguridad utilizado, ser\u00e1n focalizados para no alterar mayormente el tr\u00e1nsito vehicular. S\u00f3lo se cerrar\u00e1 el tramo en que se est\u00e9 trabajando\u201d, explic\u00f3 la Directora del Serviu, agregando que \u201cse aprovechar\u00e1 de hacer el soterrado del alumbrado p\u00fablico que est\u00e1 en el bandej\u00f3n central y que acompa\u00f1ar\u00e1 todo el trazado de la ciclov\u00eda para mayor seguridad\u201d.<\/p>\n\n\n\n<p>Es importante destacar que, junto con la cicloruta por calzada que se est\u00e1 construyendo en las calles 21 de Mayo y Magallanes, desde la Avenida Independencia hacia el norte, se dar\u00e1 una mejor conexi\u00f3n vial y mayor seguridad a las y los ciclistas, ordenando la circulaci\u00f3n de los distintos tipos de veh\u00edculos, al generar un espacio de uso exclusivo para bicicletas.<\/p>\n\n\n\n<p>Este proyecto cuenta con los respectivos permisos de ocupaci\u00f3n de la v\u00eda p\u00fablica y de la Direcci\u00f3n de Tr\u00e1nsito. Por encontrase emplazada en gran parte de su extensi\u00f3n al costado poniente de los bandejones centrales de la avenida, la obra cuenta con la autorizaci\u00f3n del Consejo de Monumentos Nacionales dependiente del Ministerio de las Culturas, las Artes y el Patrimonio para realizar esta intervenci\u00f3n.<\/p>\n\n\n\n<p><\/p>\n","protected":false},"excerpt":{"rendered":"<p>El pr\u00f3ximo mi\u00e9rcoles 28 de junio comenzar\u00e1 la ejecuci\u00f3n del contrato de construcci\u00f3n de otros tres kil\u00f3metros de ciclov\u00edas para la comuna de Punta Arenas. Se trata de 14 tramos&#8230; <a class=\"read-more\" href=\"https:\/\/www.radiopresidenteibanez.cl\/web\/minvu-iniciara-la-construccion-de-un-nuevo-tramo-de-ciclovia-por-avenida-bulnes\/\">Leer m\u00e1s<\/a><\/p>\n","protected":false},"author":2,"featured_media":40714,"comment_status":"closed","ping_status":"closed","sticky":false,"template":"","format":"standard","meta":{"footnotes":""},"categories":[1],"tags":[],"class_list":["post-40713","post","type-post","status-publish","format-standard","has-post-thumbnail","hentry","category-cronica"],"_links":{"self":[{"href":"https:\/\/www.radiopresidenteibanez.cl\/web\/wp-json\/wp\/v2\/posts\/40713","targetHints":{"allow":["GET"]}}],"collection":[{"href":"https:\/\/www.radiopresidenteibanez.cl\/web\/wp-json\/wp\/v2\/posts"}],"about":[{"href":"https:\/\/www.radiopresidenteibanez.cl\/web\/wp-json\/wp\/v2\/types\/post"}],"author":[{"embeddable":true,"href":"https:\/\/www.radiopresidenteibanez.cl\/web\/wp-json\/wp\/v2\/users\/2"}],"replies":[{"embeddable":true,"href":"https:\/\/www.radiopresidenteibanez.cl\/web\/wp-json\/wp\/v2\/comments?post=40713"}],"version-history":[{"count":0,"href":"https:\/\/www.radiopresidenteibanez.cl\/web\/wp-json\/wp\/v2\/posts\/40713\/revisions"}],"wp:featuredmedia":[{"embeddable":true,"href":"https:\/\/www.radiopresidenteibanez.cl\/web\/wp-json\/wp\/v2\/media\/40714"}],"wp:attachment":[{"href":"https:\/\/www.radiopresidenteibanez.cl\/web\/wp-json\/wp\/v2\/media?parent=40713"}],"wp:term":[{"taxonomy":"category","embeddable":true,"href":"https:\/\/www.radiopresidenteibanez.cl\/web\/wp-json\/wp\/v2\/categories?post=40713"},{"taxonomy":"post_tag","embeddable":true,"href":"https:\/\/www.radiopresidenteibanez.cl\/web\/wp-json\/wp\/v2\/tags?post=40713"}],"curies":[{"name":"wp","href":"https:\/\/api.w.org\/{rel}","templated":true}]}}