{"id":40710,"date":"2023-06-27T16:43:00","date_gmt":"2023-06-27T19:43:00","guid":{"rendered":"https:\/\/www.radiopresidenteibanez.cl\/web\/?p=40710"},"modified":"2023-06-27T10:44:15","modified_gmt":"2023-06-27T13:44:15","slug":"aumenta-en-un-45-el-presupuesto-para-la-ejecucion-de-la-ruta-medica-2023","status":"publish","type":"post","link":"https:\/\/www.radiopresidenteibanez.cl\/web\/aumenta-en-un-45-el-presupuesto-para-la-ejecucion-de-la-ruta-medica-2023\/","title":{"rendered":"AUMENTA EN UN 45% EL PRESUPUESTO PARA LA EJECUCION DE LA RUTA MEDICA 2023"},"content":{"rendered":"\n<p>Se realiz\u00f3 el lanzamiento de la Ruta M\u00e9dica 2023, dispositivo que desde el 2018 financia el Ministerio de Desarrollo Social y Familia para entregar prestaciones de salud a los hombres y mujeres en situaci\u00f3n de calle de la comuna de Punta Arenas, con el objetivo de proteger la vida y superar las vulneraciones.<\/p>\n\n\n\n<p>Este dispositivo se enmarca en el Programa Noche Digna del ministerio y por sexto a\u00f1o consecutivo ser\u00e1 ejecutado por el Servicio de Salud Magallanes mediante la transferencia de $38.400.000.<\/p>\n\n\n\n<p>Gloria Ram\u00edrez, Subdirectora de Atenci\u00f3n Primaria del Servicio de Salud Magallanes sostuvo que \u201clas personas en situaci\u00f3n de calle no tienen actualmente una atenci\u00f3n inserta en alg\u00fan establecimiento, por lo tanto, la Ruta M\u00e9dica permite que un equipo de profesionales se traslade a los albergues o puntos calle para realizarles atenciones de salud.&nbsp; Lo que buscamos a trav\u00e9s de este operativo es adherirlos a un programa y entregarles algunos medicamentos para ciertas patolog\u00edas o bien, hacerles algunas interconsultas o derivaciones a centros de especialidad.\u201d<\/p>\n\n\n\n<p>El lanzamiento de la Ruta M\u00e9dica 2023 fue realizado en dependencias del Albergue Protege, ubicado en calle Lautaro Navarro N\u00b0821, lugar donde vive Catalella Hern\u00e1ndez, ciudadana venezolana y usuaria de la Ruta M\u00e9dica, quien nos comparti\u00f3 que vive en Punta Arenas hace 5 a\u00f1os.&nbsp; \u201cEstoy muy agradecida porque este albergue me acogi\u00f3 con mucho cari\u00f1o y he salido adelante gracias a ellos.&nbsp; Adem\u00e1s, me siento segura gracias a las atenciones m\u00e9dicas, porque demuestra que se preocupan de lo que te pasa y tu estado de salud.&nbsp; Siempre est\u00e1n muy pendientes\u201d.<\/p>\n\n\n\n<p>Para la versi\u00f3n 2023, la Ruta M\u00e9dica aument\u00f3 su presupuesto en un 45% respecto al a\u00f1o anterior, lo que permitir\u00e1 implementarla desde el mes de junio hasta diciembre de este a\u00f1o, proyectando tres atenciones a la semana para las personas que pernoctan en los dos Albergues y Centro de Referencia que el ministerio tiene a disposici\u00f3n para ellos, adem\u00e1s de la Hospeder\u00eda del Hogar de Cristo y de los puntos de calle.<\/p>\n","protected":false},"excerpt":{"rendered":"<p>Se realiz\u00f3 el lanzamiento de la Ruta M\u00e9dica 2023, dispositivo que desde el 2018 financia el Ministerio de Desarrollo Social y Familia para entregar prestaciones de salud a los hombres&#8230; <a class=\"read-more\" href=\"https:\/\/www.radiopresidenteibanez.cl\/web\/aumenta-en-un-45-el-presupuesto-para-la-ejecucion-de-la-ruta-medica-2023\/\">Leer m\u00e1s<\/a><\/p>\n","protected":false},"author":2,"featured_media":40711,"comment_status":"closed","ping_status":"closed","sticky":false,"template":"","format":"standard","meta":{"footnotes":""},"categories":[1],"tags":[],"class_list":["post-40710","post","type-post","status-publish","format-standard","has-post-thumbnail","hentry","category-cronica"],"_links":{"self":[{"href":"https:\/\/www.radiopresidenteibanez.cl\/web\/wp-json\/wp\/v2\/posts\/40710","targetHints":{"allow":["GET"]}}],"collection":[{"href":"https:\/\/www.radiopresidenteibanez.cl\/web\/wp-json\/wp\/v2\/posts"}],"about":[{"href":"https:\/\/www.radiopresidenteibanez.cl\/web\/wp-json\/wp\/v2\/types\/post"}],"author":[{"embeddable":true,"href":"https:\/\/www.radiopresidenteibanez.cl\/web\/wp-json\/wp\/v2\/users\/2"}],"replies":[{"embeddable":true,"href":"https:\/\/www.radiopresidenteibanez.cl\/web\/wp-json\/wp\/v2\/comments?post=40710"}],"version-history":[{"count":0,"href":"https:\/\/www.radiopresidenteibanez.cl\/web\/wp-json\/wp\/v2\/posts\/40710\/revisions"}],"wp:featuredmedia":[{"embeddable":true,"href":"https:\/\/www.radiopresidenteibanez.cl\/web\/wp-json\/wp\/v2\/media\/40711"}],"wp:attachment":[{"href":"https:\/\/www.radiopresidenteibanez.cl\/web\/wp-json\/wp\/v2\/media?parent=40710"}],"wp:term":[{"taxonomy":"category","embeddable":true,"href":"https:\/\/www.radiopresidenteibanez.cl\/web\/wp-json\/wp\/v2\/categories?post=40710"},{"taxonomy":"post_tag","embeddable":true,"href":"https:\/\/www.radiopresidenteibanez.cl\/web\/wp-json\/wp\/v2\/tags?post=40710"}],"curies":[{"name":"wp","href":"https:\/\/api.w.org\/{rel}","templated":true}]}}