{"id":40684,"date":"2023-06-27T08:23:00","date_gmt":"2023-06-27T11:23:00","guid":{"rendered":"https:\/\/www.radiopresidenteibanez.cl\/web\/?p=40684"},"modified":"2023-06-27T08:15:47","modified_gmt":"2023-06-27T11:15:47","slug":"liceo-maria-behety-realiza-consejo-asesor-empresarial-para-fortalecer-su-oferta-educativa-tecnico-profesional-2023","status":"publish","type":"post","link":"https:\/\/www.radiopresidenteibanez.cl\/web\/liceo-maria-behety-realiza-consejo-asesor-empresarial-para-fortalecer-su-oferta-educativa-tecnico-profesional-2023\/","title":{"rendered":"LICEO MARIA BEHETY REALIZA CONSEJO ASESOR EMPRESARIAL PARA FORTALECER SU OFERTA EDUCATIVA TECNICO- PROFESIONAL 2023"},"content":{"rendered":"\n<p>El Liceo Mar\u00eda Behety realiz\u00f3 el primer Consejo Asesor<br>Empresarial del 2023, cuyo objetivo es apoyar la realizaci\u00f3n de actividades y capacitaciones<br>complementarias a la malla curricular de las carreras t\u00e9cnicas ofrecidas por esta instituci\u00f3n<br>educativa t\u00e9cnico-profesional de Punta Arenas.<br>La organizaci\u00f3n, conformada por Transportes Eugenio Vilicic, Austral Vending, Centro de<br>Educaci\u00f3n Tecnol\u00f3gica y Gaia Ant\u00e1rtica de la Universidad de Magallanes, Cruceros Australis, Tabsa,<br>Blumar, Asociaci\u00f3n de Hoteles y Servicios Tur\u00edsticos de Torres del Paine, HYST, que tiene como<br>misi\u00f3n orientar y asesorar al liceo en la identificaci\u00f3n de las necesidades y demandas del sector<br>empresarial local y su colaboraci\u00f3n ser\u00e1 fundamental para establecer v\u00ednculos efectivos entre la<br>educaci\u00f3n t\u00e9cnico-profesional y el mundo laboral, promoviendo as\u00ed una formaci\u00f3n m\u00e1s alineada<br>con las demandas y tendencias del mercado.<br>\u201cEl Consejo Asesor Empresarial ha sido un tremendo respaldo para nuestra educaci\u00f3n, para el<br>aprendizaje de nuestros estudiantes que salen de la ense\u00f1anza t\u00e9cnico profesional y nos ofrece la<br>oportunidad de fortalecer el aprendizaje y tambi\u00e9n entregar un plus a nuestros estudiantes con<br>capacitaciones certificadas, con el apoyo de nuevas experiencias, as\u00ed que nada m\u00e1s que agradecer<br>a las empresas y a las instituciones comprometidas en el CAE, para el mejoramiento de nuestra<br>educaci\u00f3n p\u00fablica\u201d, expres\u00f3 la directora del Liceo Mar\u00eda Behety, Marcela Andrade.<br>El consejo, es presidido por tercer a\u00f1o consecutivo por Ignacio Covacevich, gerente general de<br>Transportes Eugenio Vilicic, que destac\u00f3 que \u201chemos desarrollado durante estos tres a\u00f1os un<br>trabajo que hoy ya est\u00e1 consolidado, donde tenemos una serie de cursos que les permiten a los<br>alumnos tener certificaciones, las que al egresar son parte de su curriculum. Adem\u00e1s, hemos<br>realizado seminarios y una serie de actividades que apuntan a desarrollar la experiencia de los<br>alumnos en conjunto con las empresas, poder visitarlas y poder conocer el \u00e1mbito en el que se<br>desempe\u00f1ar\u00e1n en el futuro. Estamos muy contentos con el trabajo que se ha realizado y<br>esperamos seguir contribuyendo a los alumnos del Mar\u00eda Behety\u201d.<br>Asimismo, durante el encuentro se anunci\u00f3 la incorporaci\u00f3n de nuevos integrantes al Consejo<br>Asesor Empresarial. Entre ellos, destaca la Asociaci\u00f3n de Hoteles y Servicios Tur\u00edsticos de Torres<br>del Paine, HYST, representada por su gerente Sara Adema, quien manifest\u00f3 \u201cestamos muy felices<br>de sumarnos a este consejo, y esperamos aportar con experiencia y conocimiento en el \u00e1mbito del<br>turismo y el hoteler\u00eda, y que estas contribuyan significativamente a enriquecer la oferta educativa<br>del liceo y a brindar oportunidades de aprendizaje para los estudiantes\u201d.<br>Con la conformaci\u00f3n de este Consejo Asesor Empresarial, el Liceo Mar\u00eda Behety reafirma su<br>compromiso con la excelencia educativa y su b\u00fasqueda constante de proporcionar a los<br>estudiantes una formaci\u00f3n t\u00e9cnico-profesional de calidad. Gracias a la colaboraci\u00f3n con<br>destacados profesionales y empresas del \u00e1mbito empresarial, se fomentar\u00e1 el desarrollo de<br>habilidades relevantes y actualizadas, fortaleciendo as\u00ed las perspectivas de empleabilidad de los<br>j\u00f3venes graduados.<\/p>\n","protected":false},"excerpt":{"rendered":"<p>El Liceo Mar\u00eda Behety realiz\u00f3 el primer Consejo AsesorEmpresarial del 2023, cuyo objetivo es apoyar la realizaci\u00f3n de actividades y capacitacionescomplementarias a la malla curricular de las carreras t\u00e9cnicas ofrecidas&#8230; <a class=\"read-more\" href=\"https:\/\/www.radiopresidenteibanez.cl\/web\/liceo-maria-behety-realiza-consejo-asesor-empresarial-para-fortalecer-su-oferta-educativa-tecnico-profesional-2023\/\">Leer m\u00e1s<\/a><\/p>\n","protected":false},"author":2,"featured_media":40685,"comment_status":"closed","ping_status":"closed","sticky":false,"template":"","format":"standard","meta":{"footnotes":""},"categories":[1],"tags":[],"class_list":["post-40684","post","type-post","status-publish","format-standard","has-post-thumbnail","hentry","category-cronica"],"_links":{"self":[{"href":"https:\/\/www.radiopresidenteibanez.cl\/web\/wp-json\/wp\/v2\/posts\/40684","targetHints":{"allow":["GET"]}}],"collection":[{"href":"https:\/\/www.radiopresidenteibanez.cl\/web\/wp-json\/wp\/v2\/posts"}],"about":[{"href":"https:\/\/www.radiopresidenteibanez.cl\/web\/wp-json\/wp\/v2\/types\/post"}],"author":[{"embeddable":true,"href":"https:\/\/www.radiopresidenteibanez.cl\/web\/wp-json\/wp\/v2\/users\/2"}],"replies":[{"embeddable":true,"href":"https:\/\/www.radiopresidenteibanez.cl\/web\/wp-json\/wp\/v2\/comments?post=40684"}],"version-history":[{"count":0,"href":"https:\/\/www.radiopresidenteibanez.cl\/web\/wp-json\/wp\/v2\/posts\/40684\/revisions"}],"wp:featuredmedia":[{"embeddable":true,"href":"https:\/\/www.radiopresidenteibanez.cl\/web\/wp-json\/wp\/v2\/media\/40685"}],"wp:attachment":[{"href":"https:\/\/www.radiopresidenteibanez.cl\/web\/wp-json\/wp\/v2\/media?parent=40684"}],"wp:term":[{"taxonomy":"category","embeddable":true,"href":"https:\/\/www.radiopresidenteibanez.cl\/web\/wp-json\/wp\/v2\/categories?post=40684"},{"taxonomy":"post_tag","embeddable":true,"href":"https:\/\/www.radiopresidenteibanez.cl\/web\/wp-json\/wp\/v2\/tags?post=40684"}],"curies":[{"name":"wp","href":"https:\/\/api.w.org\/{rel}","templated":true}]}}