{"id":40675,"date":"2023-06-25T12:24:00","date_gmt":"2023-06-25T15:24:00","guid":{"rendered":"https:\/\/www.radiopresidenteibanez.cl\/web\/?p=40675"},"modified":"2023-06-26T12:27:32","modified_gmt":"2023-06-26T15:27:32","slug":"izamiento-de-banderas-de-las-diversidades-en-conmemoracion-delmes-del-orgullo","status":"publish","type":"post","link":"https:\/\/www.radiopresidenteibanez.cl\/web\/izamiento-de-banderas-de-las-diversidades-en-conmemoracion-delmes-del-orgullo\/","title":{"rendered":"Izamiento de banderas de las diversidades en conmemoraci\u00f3n delMes del Orgullo"},"content":{"rendered":"\n<p>El acto se enmarca dentro de una serie de<br>actividades que la Corporaci\u00f3n Liberando Colores ha estado realizando para celebrar y<br>conmemorar el Mes del Orgullo y que tienen como objetivo promover la igualdad y<br>dignidad sobre las distintas identidades y orientaciones sexuales, a trav\u00e9s de un espacio<br>de encuentro, reivindicaci\u00f3n y reflexi\u00f3n para la comunidad LGBTQIA+.<br>En la actividad participaron representantes de la Corporaci\u00f3n organizadora y diversas<br>autoridades, entre ellas, la directora regional del Instituto Nacional de la Juventud (Injuv),<br>Carla Cifuentes y el director regional de Instituto de Derechos Humanos (INDH), Cristi\u00e1n<br>Figueroa, adem\u00e1s de representantes de la Serem\u00edas de Desarrollo Social y Familia y<br>Justicia.<br>Durante el acto, el vicepresidente de la Corporaci\u00f3n Liberando Colores, Camilo Avenda\u00f1o,<br>se\u00f1al\u00f3 que la diversidad sexual y de g\u00e9nero son una parte fundamental de nuestra<br>realidad, y es un valor que debemos promover y proteger. Cada persona tiene el derecho<br>innegable de vivir de acuerdo con su identidad, sin discriminaci\u00f3n ni prejuicios. Por eso,<br>el izamiento de estas banderas representa un acto simb\u00f3lico de visibilidad, respeto y<br>apoyo hacia las personas lesbianas, gays, bisexuales, trans, no binaries, entre muchas<br>otras\u201d.<br>Por su parte, Carla Cifuentes, la directora regional de Injuv, destac\u00f3 que \u201cEstamos muy<br>contentos de haber podido acompa\u00f1ar a la Corporaci\u00f3n Liberando Colores en este acto,<br>donde a trav\u00e9s del izamiento de las banderas de las diversidades sexo gen\u00e9ricas y de las<br>comunidades trans y no binaries se busca promover el respeto y apoyo a la comunidad<br>LGBTQIA+ para avanzar en la construcci\u00f3n de una sociedad m\u00e1s justa, inclusiva y<br>equitativa donde se promuevan y respeten los derechos fundamentales de todas las<br>personas\u201d.<br>Desde Injuv y la Corporaci\u00f3n Liberando Colores hicieron un llamado a toda la comunidad<br>magall\u00e1nica a recordar que esta es una fecha no s\u00f3lo de celebraci\u00f3n, sino que tambi\u00e9n de<br>conmemoraci\u00f3n, ya que a pesar de los avances que se han tenido en materia legal y<br>social, los desaf\u00edos y problem\u00e1ticas de la comunidad a\u00fan est\u00e1n presentes y es deber de<br>las organizaciones de la sociedad civil ayudar y cooperar con las instituciones de la regi\u00f3n<br>para construir y promover una agenda que visibilice las reales necesidades y problemas<br>que viven las personas de la comunidad.<\/p>\n","protected":false},"excerpt":{"rendered":"<p>El acto se enmarca dentro de una serie deactividades que la Corporaci\u00f3n Liberando Colores ha estado realizando para celebrar yconmemorar el Mes del Orgullo y que tienen como objetivo promover&#8230; <a class=\"read-more\" href=\"https:\/\/www.radiopresidenteibanez.cl\/web\/izamiento-de-banderas-de-las-diversidades-en-conmemoracion-delmes-del-orgullo\/\">Leer m\u00e1s<\/a><\/p>\n","protected":false},"author":2,"featured_media":40676,"comment_status":"closed","ping_status":"closed","sticky":false,"template":"","format":"standard","meta":{"footnotes":""},"categories":[1],"tags":[],"class_list":["post-40675","post","type-post","status-publish","format-standard","has-post-thumbnail","hentry","category-cronica"],"_links":{"self":[{"href":"https:\/\/www.radiopresidenteibanez.cl\/web\/wp-json\/wp\/v2\/posts\/40675","targetHints":{"allow":["GET"]}}],"collection":[{"href":"https:\/\/www.radiopresidenteibanez.cl\/web\/wp-json\/wp\/v2\/posts"}],"about":[{"href":"https:\/\/www.radiopresidenteibanez.cl\/web\/wp-json\/wp\/v2\/types\/post"}],"author":[{"embeddable":true,"href":"https:\/\/www.radiopresidenteibanez.cl\/web\/wp-json\/wp\/v2\/users\/2"}],"replies":[{"embeddable":true,"href":"https:\/\/www.radiopresidenteibanez.cl\/web\/wp-json\/wp\/v2\/comments?post=40675"}],"version-history":[{"count":0,"href":"https:\/\/www.radiopresidenteibanez.cl\/web\/wp-json\/wp\/v2\/posts\/40675\/revisions"}],"wp:featuredmedia":[{"embeddable":true,"href":"https:\/\/www.radiopresidenteibanez.cl\/web\/wp-json\/wp\/v2\/media\/40676"}],"wp:attachment":[{"href":"https:\/\/www.radiopresidenteibanez.cl\/web\/wp-json\/wp\/v2\/media?parent=40675"}],"wp:term":[{"taxonomy":"category","embeddable":true,"href":"https:\/\/www.radiopresidenteibanez.cl\/web\/wp-json\/wp\/v2\/categories?post=40675"},{"taxonomy":"post_tag","embeddable":true,"href":"https:\/\/www.radiopresidenteibanez.cl\/web\/wp-json\/wp\/v2\/tags?post=40675"}],"curies":[{"name":"wp","href":"https:\/\/api.w.org\/{rel}","templated":true}]}}