{"id":40649,"date":"2023-06-23T09:27:00","date_gmt":"2023-06-23T12:27:00","guid":{"rendered":"https:\/\/www.radiopresidenteibanez.cl\/web\/?p=40649"},"modified":"2023-06-23T08:25:30","modified_gmt":"2023-06-23T11:25:30","slug":"con-mis-cuatro-cananas-terciadas-bien-repletas-de-balas-sedientas-cuando-estamos-en-pleno-combate-canta-miguel-aceves-mejia","status":"publish","type":"post","link":"https:\/\/www.radiopresidenteibanez.cl\/web\/con-mis-cuatro-cananas-terciadas-bien-repletas-de-balas-sedientas-cuando-estamos-en-pleno-combate-canta-miguel-aceves-mejia\/","title":{"rendered":"\u00ab..Con mis cuatro cananas terciadas bien repletas de balas sedientas cuando estamos en pleno combate..\u00bb canta Miguel Aceves Mejia"},"content":{"rendered":"\n<p>&nbsp;Algo raro pasa con los trabajadores organizados. Es cierto que la censura informativa impide salir p\u00fablicamente con opinion si no eres parte del oficialismo sindical, pero sin duda las redes sociales y otros instrumentos est\u00e1n m\u00e1s que abiertos para recibir opiniones, argumentaciones y propuestas.<br>Sin embargo y salvo la opini\u00f3n de algunas organizaciones &#8211; que tampoco han perseverado en sus argumentos &#8211; poco o nada se dice sobre el particular, con la excepci\u00f3n de la Fundaci\u00f3n Sol que siempre nos est\u00e1n entregando elementos, los que a veces lamentablemente no llegan a los trabajadores, especialmente aquellos sin organizaci\u00f3n. Por lo tanto y aunque pueda resultar majadero, debemos seguir clasificando dudas respecto de lanueva ley de 40 horas. Preguntan \u00bfSi disminuye la jornada laboral, ser\u00e1 factible que los trabajadores mejoren \u201csu dignidad y calidad de vida\u201d como han declarado diversas autoridades en representaci\u00f3n del gobierno y la oposici\u00f3n? Nuestra respuesta fue categ\u00f3rica. NO es factible, se trata solo de un bonito discurso. Aqu\u00ed algunas razones.<\/p>\n\n\n\n<p>2.- En las actuales condiciones de remuneraci\u00f3n mensual en nuestro pa\u00eds, disminuir la jornada de trabajo a 40 horas semanales no implica, en absoluto, una mejora en la dignidad y condiciones de vida del trabajador. Este y otros gobiernos, los parlamentarios y los patrones, tienen muy claro que los trabajadores ganan sueldos miserables que no les permiten vivir con dignidad sino, a lo sumo, sobrevivir.<br>Sin embargo, hacen poco y nada por legislar sobre el particular. Por lo tanto, no solo se debe dar la pelea por una rebaja en la jornada de trabajo, que debe llegar a ser de 8 horas diarias, o incluso menos, por 5 d\u00edas a la semana, sino tambi\u00e9n que dicha jornada debe ser contin\u00faa, sin corte ni interrupciones de ning\u00fan tipo.<br>Al mismo tiempo es fundamental dar la lucha por un aumento del monto del ingreso m\u00ednimo, y no solo eso, se debe demandar pago de bono de locomoci\u00f3n y de colaci\u00f3n que equivalga a los gastos promedios que el trabajador hace por estos \u00edtems. Si no hay cambios en estas demandas hist\u00f3ricas no sirve de mucho disminuir la jornada de 45 a 40 horas. A lo m\u00e1s, posibilitar\u00e1 que miles de personas tengan hasta 2 empleos por d\u00eda. Linda manera de dignificar y mejorar la calidad de vida.<\/p>\n","protected":false},"excerpt":{"rendered":"<p>&nbsp;Algo raro pasa con los trabajadores organizados. Es cierto que la censura informativa impide salir p\u00fablicamente con opinion si no eres parte del oficialismo sindical, pero sin duda las redes&#8230; <a class=\"read-more\" href=\"https:\/\/www.radiopresidenteibanez.cl\/web\/con-mis-cuatro-cananas-terciadas-bien-repletas-de-balas-sedientas-cuando-estamos-en-pleno-combate-canta-miguel-aceves-mejia\/\">Leer m\u00e1s<\/a><\/p>\n","protected":false},"author":2,"featured_media":40650,"comment_status":"closed","ping_status":"closed","sticky":false,"template":"","format":"standard","meta":{"footnotes":""},"categories":[1],"tags":[],"class_list":["post-40649","post","type-post","status-publish","format-standard","has-post-thumbnail","hentry","category-cronica"],"_links":{"self":[{"href":"https:\/\/www.radiopresidenteibanez.cl\/web\/wp-json\/wp\/v2\/posts\/40649","targetHints":{"allow":["GET"]}}],"collection":[{"href":"https:\/\/www.radiopresidenteibanez.cl\/web\/wp-json\/wp\/v2\/posts"}],"about":[{"href":"https:\/\/www.radiopresidenteibanez.cl\/web\/wp-json\/wp\/v2\/types\/post"}],"author":[{"embeddable":true,"href":"https:\/\/www.radiopresidenteibanez.cl\/web\/wp-json\/wp\/v2\/users\/2"}],"replies":[{"embeddable":true,"href":"https:\/\/www.radiopresidenteibanez.cl\/web\/wp-json\/wp\/v2\/comments?post=40649"}],"version-history":[{"count":0,"href":"https:\/\/www.radiopresidenteibanez.cl\/web\/wp-json\/wp\/v2\/posts\/40649\/revisions"}],"wp:featuredmedia":[{"embeddable":true,"href":"https:\/\/www.radiopresidenteibanez.cl\/web\/wp-json\/wp\/v2\/media\/40650"}],"wp:attachment":[{"href":"https:\/\/www.radiopresidenteibanez.cl\/web\/wp-json\/wp\/v2\/media?parent=40649"}],"wp:term":[{"taxonomy":"category","embeddable":true,"href":"https:\/\/www.radiopresidenteibanez.cl\/web\/wp-json\/wp\/v2\/categories?post=40649"},{"taxonomy":"post_tag","embeddable":true,"href":"https:\/\/www.radiopresidenteibanez.cl\/web\/wp-json\/wp\/v2\/tags?post=40649"}],"curies":[{"name":"wp","href":"https:\/\/api.w.org\/{rel}","templated":true}]}}