{"id":4064,"date":"2019-05-09T15:01:14","date_gmt":"2019-05-09T15:01:14","guid":{"rendered":"http:\/\/www.radiopresidenteibanez.cl\/web\/?p=4064"},"modified":"2019-05-09T15:01:57","modified_gmt":"2019-05-09T15:01:57","slug":"comprometen-iluminacion-hacia-el-aeropuerto-como-hito-para-conmemorar-500-anos-del-descubrimiento-del-estrecho-de-magallanes","status":"publish","type":"post","link":"https:\/\/www.radiopresidenteibanez.cl\/web\/comprometen-iluminacion-hacia-el-aeropuerto-como-hito-para-conmemorar-500-anos-del-descubrimiento-del-estrecho-de-magallanes\/","title":{"rendered":"COMPROMETEN ILUMINACI\u00d3N HACIA EL AEROPUERTO COMO HITO PARA CONMEMORAR 500 A\u00d1OS DEL DESCUBRIMIENTO DEL ESTRECHO DE MAGALLANES"},"content":{"rendered":"\n<p>El Alcalde Claudio Radonich junto al Seremi\nde Obras P\u00fablicas Pablo Rendoll, dieron a conocer el avance que presenta la\niniciativa que pretende dotar de iluminaci\u00f3n la ruta hacia el aeropuerto de\nPunta Arenas.<\/p>\n\n\n\n<p>Ello luego de que junto al Concejal German\nFlores, se comprometiera la presencia de un especialista que analizara t\u00e9cnicamente\nla factibilidad del proyecto. <\/p>\n\n\n\n<p>Dicho compromiso se materializ\u00f3 esta semana,\ncont\u00e1ndose con la inspecci\u00f3n en terreno de Rodrigo Marks, Ingeniero Civil Electricista\ny asesor de la Direcci\u00f3n de Vialidad del Ministerio de Obras P\u00fablicas.<\/p>\n\n\n\n<p>\u201cHoy tenemos la\nrespuesta t\u00e9cnica del MOP respecto a la factibilidad de poder contar con luz\ndesde nuestra ciudad al aeropuerto, y realizar un proyecto en los 10 kil\u00f3metros\nque faltan, para que toda la ruta est\u00e9 iluminada y sea mucho m\u00e1s segura\u201d,\ndestac\u00f3 el alcalde Radonich.<\/p>\n\n\n\n<p>Se trata de una iniciativa que involucrar\u00eda\nuna inversi\u00f3n cercana a los 1.100 millones de pesos, y que espera\nmaterializarse el a\u00f1o 2020, como hito para conmemorar los 500 a\u00f1os del\ndescubrimiento del Estrecho de Magallanes. <\/p>\n\n\n\n<p>\u201cAhora la pega est\u00e1 en la municipalidad para\npoder presentar este proyecto, que tiene que ser financiado con fondos\nregionales\u201d, a\u00f1adi\u00f3 Radonich.<\/p>\n\n\n\n<p>\u201cNuestra ciudad crece hacia el norte, hay que\nrecordar que el plan regulador indica que ya se tiene una zona urbana hasta el\nkil\u00f3metro 10, y por lo tanto es una ruta no solamente&nbsp; para los turistas y quienes vienen del\naeropuerto, sino para los miles vecinos que residen en este sector\u201d, se\u00f1al\u00f3 el\nAlcalde, destacando que \u201cesto es una necesidad, no un lujo, y por lo tanto\nestamos muy agradecidos de nuestro Seremi Pablo Rendoll que ha realizado todas\nlas gestiones y ahora queda la pega a la municipalidad, con las l\u00edneas t\u00e9cnicas\nya lanzadas, para presentar este proyecto y tener una ciudad mucho m\u00e1s segura\u201d.<\/p>\n\n\n\n<p>El Seremi de Obras P\u00fablicas, por su parte,\ndestac\u00f3 que: \u201cEstamos muy satisfechos por las gestiones realizadas y que podamos\ncontar hoy con un especialista en tecnolog\u00eda de punta para analizar esta\niniciativa de iluminaci\u00f3n\u201d.<\/p>\n\n\n\n<p>\u201cDe esta manera estamos dando respuesta a uno\nde los ejes fundamentales de la administraci\u00f3n del Gobierno del Presidente\nSebasti\u00e1n Pi\u00f1era, de dotar de seguridad y protecci\u00f3n a la ciudadan\u00eda, con una\ninfraestructura que d\u00e9 respuesta a todos los elementos que se utilizan en\nmateria de transitabilidad y operatividad\u201d, a\u00f1adi\u00f3 Rendoll. <\/p>\n\n\n\n<p>El Concejal German Flores, en tanto, remarc\u00f3 que \u201ceste es un anhelo de la comunidad y agradezco al Ministerio de Obras P\u00fablicas de traer a este especialista a Punta Arenas, para ver en terreno esta futura obra, que se transformar\u00e1 de un sue\u00f1o a una realidad\u201d.<\/p>\n\n\n\n<figure class=\"wp-block-image\"><img loading=\"lazy\" decoding=\"async\" width=\"1024\" height=\"682\" src=\"http:\/\/www.radiopresidenteibanez.cl\/web\/wp-content\/uploads\/2019\/05\/792330c6-0f05-4c34-bc36-772c2a6427ec-1024x682.jpg\" alt=\"\" class=\"wp-image-4031\" srcset=\"https:\/\/www.radiopresidenteibanez.cl\/web\/wp-content\/uploads\/2019\/05\/792330c6-0f05-4c34-bc36-772c2a6427ec-1024x682.jpg 1024w, https:\/\/www.radiopresidenteibanez.cl\/web\/wp-content\/uploads\/2019\/05\/792330c6-0f05-4c34-bc36-772c2a6427ec-300x200.jpg 300w, https:\/\/www.radiopresidenteibanez.cl\/web\/wp-content\/uploads\/2019\/05\/792330c6-0f05-4c34-bc36-772c2a6427ec-768x512.jpg 768w, https:\/\/www.radiopresidenteibanez.cl\/web\/wp-content\/uploads\/2019\/05\/792330c6-0f05-4c34-bc36-772c2a6427ec.jpg 1280w\" sizes=\"auto, (max-width: 1024px) 100vw, 1024px\" \/><\/figure>\n","protected":false},"excerpt":{"rendered":"<p>El Alcalde Claudio Radonich junto al Seremi de Obras P\u00fablicas Pablo Rendoll, dieron a conocer el avance que presenta la iniciativa que pretende dotar de iluminaci\u00f3n la ruta hacia el&#8230; <a class=\"read-more\" href=\"https:\/\/www.radiopresidenteibanez.cl\/web\/comprometen-iluminacion-hacia-el-aeropuerto-como-hito-para-conmemorar-500-anos-del-descubrimiento-del-estrecho-de-magallanes\/\">Leer m\u00e1s<\/a><\/p>\n","protected":false},"author":2,"featured_media":4031,"comment_status":"closed","ping_status":"closed","sticky":false,"template":"","format":"standard","meta":{"footnotes":""},"categories":[1],"tags":[],"class_list":["post-4064","post","type-post","status-publish","format-standard","has-post-thumbnail","hentry","category-cronica"],"_links":{"self":[{"href":"https:\/\/www.radiopresidenteibanez.cl\/web\/wp-json\/wp\/v2\/posts\/4064","targetHints":{"allow":["GET"]}}],"collection":[{"href":"https:\/\/www.radiopresidenteibanez.cl\/web\/wp-json\/wp\/v2\/posts"}],"about":[{"href":"https:\/\/www.radiopresidenteibanez.cl\/web\/wp-json\/wp\/v2\/types\/post"}],"author":[{"embeddable":true,"href":"https:\/\/www.radiopresidenteibanez.cl\/web\/wp-json\/wp\/v2\/users\/2"}],"replies":[{"embeddable":true,"href":"https:\/\/www.radiopresidenteibanez.cl\/web\/wp-json\/wp\/v2\/comments?post=4064"}],"version-history":[{"count":0,"href":"https:\/\/www.radiopresidenteibanez.cl\/web\/wp-json\/wp\/v2\/posts\/4064\/revisions"}],"wp:featuredmedia":[{"embeddable":true,"href":"https:\/\/www.radiopresidenteibanez.cl\/web\/wp-json\/wp\/v2\/media\/4031"}],"wp:attachment":[{"href":"https:\/\/www.radiopresidenteibanez.cl\/web\/wp-json\/wp\/v2\/media?parent=4064"}],"wp:term":[{"taxonomy":"category","embeddable":true,"href":"https:\/\/www.radiopresidenteibanez.cl\/web\/wp-json\/wp\/v2\/categories?post=4064"},{"taxonomy":"post_tag","embeddable":true,"href":"https:\/\/www.radiopresidenteibanez.cl\/web\/wp-json\/wp\/v2\/tags?post=4064"}],"curies":[{"name":"wp","href":"https:\/\/api.w.org\/{rel}","templated":true}]}}