{"id":40639,"date":"2023-06-22T17:39:00","date_gmt":"2023-06-22T20:39:00","guid":{"rendered":"https:\/\/www.radiopresidenteibanez.cl\/web\/?p=40639"},"modified":"2023-06-22T15:03:37","modified_gmt":"2023-06-22T18:03:37","slug":"gasco-magallanes-lanzo-campana-de-uso-eficiente-de-la-energia","status":"publish","type":"post","link":"https:\/\/www.radiopresidenteibanez.cl\/web\/gasco-magallanes-lanzo-campana-de-uso-eficiente-de-la-energia\/","title":{"rendered":"GASCO MAGALLANES LANZO CAMPA\u00d1A DE USO EFICIENTE DE LA ENERGIA"},"content":{"rendered":"\n<p>En la sede de la Junta de Vecinos N\u00b057, ayer se realiz\u00f3 el lanzamiento de la campa\u00f1a de Uso Seguro y Eficiente de la Energ\u00eda impulsada por GASCO Magallanes que, como todos los a\u00f1os, refuerza la entrega de informaci\u00f3n a sus clientes con el prop\u00f3sito de evitar accidentes por presencia de mon\u00f3xido de carbono y fugas de gas.<\/p>\n\n\n\n<p>Gonzalo Herrera, Gerente Comercial de GASCO Magallanes explic\u00f3 que la campa\u00f1a de Uso Seguro y Eficiente de la Energ\u00eda, este a\u00f1o, tiene como foco el mantenimiento de ductos y los Shafs de evacuaci\u00f3n de gases en edificios. \u201cAdem\u00e1s del uso seguro y eficiencia queremos abarcar estas instalaciones, que son comunitarias, y muchas veces se descuidan y hemos visto que han ocurrido varios accidentes en edificios y que es posible evitar con simples mantenimientos peri\u00f3dicos de estas instalaciones\u201d, dijo.<\/p>\n\n\n\n<p>Asimismo, invit\u00f3 a las organizaciones sociales a contactar a GASCO Magallanes con el prop\u00f3sito de organizar charlas informativas a los vecinos. La campa\u00f1a, que se realiza en conjunto con la S\u00e9ptima Compa\u00f1\u00eda de Bomberos de Punta Arenas, se extender\u00e1 por dos meses con presencia en medios de comunicaci\u00f3n y a trav\u00e9s de la web www.gascomagallanes.cl<\/p>\n\n\n\n<p>Luis Garc\u00eda, Teniente Tercero de la S\u00e9ptima Compa\u00f1\u00eda de Bomberos record\u00f3 que el a\u00f1o pasado se registraron 24 personas intoxicadas por mon\u00f3xido de carbono, y otras dos fallecidas. \u201cEstamos trabajando de la mano con GASCO, cada una de las emergencias, un trabajo bien coordinado para poder atender estas situaciones que se presentan en todos los sectores de Punta Arenas y que a nosotros nos toca cubrir como unidad especializada.\u201d<\/p>\n\n\n\n<p>A la fecha se han registrado 8 vecinos intoxicados por lo que los esfuerzos en prevenci\u00f3n se tornan esenciales, explic\u00f3 el voluntario de Bomberos. \u201cLa gente debe tomar conciencia de lo grave que es esta situaci\u00f3n que puede provocar la p\u00e9rdida de la vida de ellos o sus familiares.\u201d<\/p>\n\n\n\n<p>En tanto, Raquel Alvarez, Presidenta de la Uni\u00f3n Comunal Hernando de Magallanes quiso \u201cfelicitar a GASCO que est\u00e1n dispuestos a salir a las organizaciones de juntas de vecinos, lo que vamos a acoger, para ense\u00f1arle a los vecinos la prevenci\u00f3n para este invierno que viene tan duro este a\u00f1o.\u201d<\/p>\n\n\n\n<p>La seremi de Energ\u00eda, Mar\u00eda Luisa Ojeda, dijo valorar la iniciativa de la empresa distribuidora de gas natural, ya que \u201centramos en una \u00e9poca del a\u00f1o en donde aumentan la cantidad de situaciones de emergencias, ya sea por mon\u00f3xido de carbono, por fugas de gas, entonces este llamado a mantener las instalaciones y los artefactos en buen estado y poder concurrir con instaladores certificados es fundamental.\u201d<\/p>\n\n\n\n<p>Jos\u00e9 Necul, Presidente Junta de Vecinos N\u00b057 dijo que \u201ces importante para la ciudadan\u00eda estar informados. Tener entes como GASCO, la serem\u00eda (de Energ\u00eda), la Superintendencia (de Electricidad y Combustibles) que est\u00e1n para informar a la comunidad porque es importante el d\u00eda a d\u00eda de todas las deficiencias que puedan tener nuestras instalaciones.\u201d<\/p>\n","protected":false},"excerpt":{"rendered":"<p>En la sede de la Junta de Vecinos N\u00b057, ayer se realiz\u00f3 el lanzamiento de la campa\u00f1a de Uso Seguro y Eficiente de la Energ\u00eda impulsada por GASCO Magallanes que,&#8230; <a class=\"read-more\" href=\"https:\/\/www.radiopresidenteibanez.cl\/web\/gasco-magallanes-lanzo-campana-de-uso-eficiente-de-la-energia\/\">Leer m\u00e1s<\/a><\/p>\n","protected":false},"author":2,"featured_media":40640,"comment_status":"closed","ping_status":"closed","sticky":false,"template":"","format":"standard","meta":{"footnotes":""},"categories":[1],"tags":[],"class_list":["post-40639","post","type-post","status-publish","format-standard","has-post-thumbnail","hentry","category-cronica"],"_links":{"self":[{"href":"https:\/\/www.radiopresidenteibanez.cl\/web\/wp-json\/wp\/v2\/posts\/40639","targetHints":{"allow":["GET"]}}],"collection":[{"href":"https:\/\/www.radiopresidenteibanez.cl\/web\/wp-json\/wp\/v2\/posts"}],"about":[{"href":"https:\/\/www.radiopresidenteibanez.cl\/web\/wp-json\/wp\/v2\/types\/post"}],"author":[{"embeddable":true,"href":"https:\/\/www.radiopresidenteibanez.cl\/web\/wp-json\/wp\/v2\/users\/2"}],"replies":[{"embeddable":true,"href":"https:\/\/www.radiopresidenteibanez.cl\/web\/wp-json\/wp\/v2\/comments?post=40639"}],"version-history":[{"count":0,"href":"https:\/\/www.radiopresidenteibanez.cl\/web\/wp-json\/wp\/v2\/posts\/40639\/revisions"}],"wp:featuredmedia":[{"embeddable":true,"href":"https:\/\/www.radiopresidenteibanez.cl\/web\/wp-json\/wp\/v2\/media\/40640"}],"wp:attachment":[{"href":"https:\/\/www.radiopresidenteibanez.cl\/web\/wp-json\/wp\/v2\/media?parent=40639"}],"wp:term":[{"taxonomy":"category","embeddable":true,"href":"https:\/\/www.radiopresidenteibanez.cl\/web\/wp-json\/wp\/v2\/categories?post=40639"},{"taxonomy":"post_tag","embeddable":true,"href":"https:\/\/www.radiopresidenteibanez.cl\/web\/wp-json\/wp\/v2\/tags?post=40639"}],"curies":[{"name":"wp","href":"https:\/\/api.w.org\/{rel}","templated":true}]}}