{"id":4061,"date":"2019-05-09T14:55:55","date_gmt":"2019-05-09T14:55:55","guid":{"rendered":"http:\/\/www.radiopresidenteibanez.cl\/web\/?p=4061"},"modified":"2019-05-09T14:56:51","modified_gmt":"2019-05-09T14:56:51","slug":"equipos-puntarenenses-se-preparan-para-la-final-de-futbol-maestro","status":"publish","type":"post","link":"https:\/\/www.radiopresidenteibanez.cl\/web\/equipos-puntarenenses-se-preparan-para-la-final-de-futbol-maestro\/","title":{"rendered":"EQUIPOS PUNTARENENSES SE PREPARAN PARA LA FINAL DE F\u00daTBOL MAESTRO"},"content":{"rendered":"\n<p>Este fin de semana en Punta\nArenas se realizar\u00e1n las finales de F\u00fatbol Maestro 2019, torneo deportivo\norganizado por la C\u00e1mara Chilena de la Construcci\u00f3n Punta Arenas, en conjunto\ncon la Corporaci\u00f3n de Deportes Cordep, como uno de los Programas Sociales\nenfocados en el bienestar de los trabajadores del rubro. <\/p>\n\n\n\n<p>El s\u00e1bado, en el Complejo\nDeportivo de Caja Los Andes en Le\u00f1adura, se disputar\u00e1n las semifinales, donde\nlos equipos Salfa, Concremag, Constructora Vilicic y Constructora Bravo\nIzquierdo se la jugar\u00e1n el todo por el todo para llegar a la final de Copa Oro.\nPor su parte, los cuadros representantes de EBCO y AXIS DC, por finalizar\nterceros en sus respectivos grupos, se enfrentar\u00e1n por la llamada Copa de\nPlata.<\/p>\n\n\n\n<p>Uno de los equipos expectantes de\nla gran final es el de la Constructora Bravo Izquierdo, quienes lograron pasar\na esta instancia tras vencer a EBCO por 7 tantos a 4 y a Aguas Magallanes por\nel marcador de 6 a 1.<\/p>\n\n\n\n<p>\u201cEstamos contentos, aunque\ntenemos varios lesionados en el equipo y nos podr\u00eda perjudicar en la semifinal,\nsin embargo, llevamos varios a\u00f1os en el Campeonato, lo que nos hace confiar en\nque tendremos una buena actuaci\u00f3n y, lo m\u00e1s importante, vamos a disfrutar\u201d, &nbsp;afirm\u00f3 Carlos Ruiz, jugador de Constructora\nBravo Izquierdo.<\/p>\n\n\n\n<p>En tanto, el domingo 12 se jugar\u00e1\nla gran final en los siguientes horarios: <\/p>\n\n\n\n<p>15:00 hrs.: Definici\u00f3n 3\u00b0 lugar\nCopa de Oro<\/p>\n\n\n\n<p>16:00 hrs.: Final Copa de Plata. <\/p>\n\n\n\n<p>17:00 hrs.: Gran Final de Copa de Oro F\u00fatbol Maestro 2019.<\/p>\n\n\n\n<figure class=\"wp-block-image\"><img loading=\"lazy\" decoding=\"async\" width=\"900\" height=\"600\" src=\"https:\/\/www.radiopresidenteibanez.cl\/web\/wp-content\/uploads\/2019\/05\/FM-1-1-1.jpg\" alt=\"\" class=\"wp-image-4062\" srcset=\"https:\/\/www.radiopresidenteibanez.cl\/web\/wp-content\/uploads\/2019\/05\/FM-1-1-1.jpg 900w, https:\/\/www.radiopresidenteibanez.cl\/web\/wp-content\/uploads\/2019\/05\/FM-1-1-1-300x200.jpg 300w, https:\/\/www.radiopresidenteibanez.cl\/web\/wp-content\/uploads\/2019\/05\/FM-1-1-1-768x512.jpg 768w\" sizes=\"auto, (max-width: 900px) 100vw, 900px\" \/><\/figure>\n","protected":false},"excerpt":{"rendered":"<p>Este fin de semana en Punta Arenas se realizar\u00e1n las finales de F\u00fatbol Maestro 2019, torneo deportivo organizado por la C\u00e1mara Chilena de la Construcci\u00f3n Punta Arenas, en conjunto con&#8230; <a class=\"read-more\" href=\"https:\/\/www.radiopresidenteibanez.cl\/web\/equipos-puntarenenses-se-preparan-para-la-final-de-futbol-maestro\/\">Leer m\u00e1s<\/a><\/p>\n","protected":false},"author":2,"featured_media":4062,"comment_status":"closed","ping_status":"closed","sticky":false,"template":"","format":"standard","meta":{"footnotes":""},"categories":[1],"tags":[],"class_list":["post-4061","post","type-post","status-publish","format-standard","has-post-thumbnail","hentry","category-cronica"],"_links":{"self":[{"href":"https:\/\/www.radiopresidenteibanez.cl\/web\/wp-json\/wp\/v2\/posts\/4061","targetHints":{"allow":["GET"]}}],"collection":[{"href":"https:\/\/www.radiopresidenteibanez.cl\/web\/wp-json\/wp\/v2\/posts"}],"about":[{"href":"https:\/\/www.radiopresidenteibanez.cl\/web\/wp-json\/wp\/v2\/types\/post"}],"author":[{"embeddable":true,"href":"https:\/\/www.radiopresidenteibanez.cl\/web\/wp-json\/wp\/v2\/users\/2"}],"replies":[{"embeddable":true,"href":"https:\/\/www.radiopresidenteibanez.cl\/web\/wp-json\/wp\/v2\/comments?post=4061"}],"version-history":[{"count":0,"href":"https:\/\/www.radiopresidenteibanez.cl\/web\/wp-json\/wp\/v2\/posts\/4061\/revisions"}],"wp:featuredmedia":[{"embeddable":true,"href":"https:\/\/www.radiopresidenteibanez.cl\/web\/wp-json\/wp\/v2\/media\/4062"}],"wp:attachment":[{"href":"https:\/\/www.radiopresidenteibanez.cl\/web\/wp-json\/wp\/v2\/media?parent=4061"}],"wp:term":[{"taxonomy":"category","embeddable":true,"href":"https:\/\/www.radiopresidenteibanez.cl\/web\/wp-json\/wp\/v2\/categories?post=4061"},{"taxonomy":"post_tag","embeddable":true,"href":"https:\/\/www.radiopresidenteibanez.cl\/web\/wp-json\/wp\/v2\/tags?post=4061"}],"curies":[{"name":"wp","href":"https:\/\/api.w.org\/{rel}","templated":true}]}}