{"id":40607,"date":"2023-06-21T23:38:00","date_gmt":"2023-06-22T02:38:00","guid":{"rendered":"https:\/\/www.radiopresidenteibanez.cl\/web\/?p=40607"},"modified":"2023-06-21T23:08:41","modified_gmt":"2023-06-22T02:08:41","slug":"marlene-espana-miranda-asume-en-la-seremia-de-economia","status":"publish","type":"post","link":"https:\/\/www.radiopresidenteibanez.cl\/web\/marlene-espana-miranda-asume-en-la-seremia-de-economia\/","title":{"rendered":"MARLENE ESPA\u00d1A MIRANDA, ASUME EN LA SEREMIA DE ECONOMIA"},"content":{"rendered":"\n<p>M\u00e1ster en Administraci\u00f3n y Direcci\u00f3n de Empresas \u2013 ESADE, Contador Auditor &#8211;<br>UMAG, con m\u00e1s de 35 a\u00f1os de experiencia laboral. Posee un alto nivel de<br>adoctrinamiento en las \u00c1reas de Conducta Responsable, Confiabilidad,<br>Compliance y \u00c9tica de Negocios. Dentro de sus competencias destacan el trabajo<br>en equipo, ser proactiva, capacidad de liderazgo, buenas relaciones<br>interpersonales, adaptaci\u00f3n al cambio, \u00e9nfasis en la productividad.<\/p>\n","protected":false},"excerpt":{"rendered":"<p>M\u00e1ster en Administraci\u00f3n y Direcci\u00f3n de Empresas \u2013 ESADE, Contador Auditor &#8211;UMAG, con m\u00e1s de 35 a\u00f1os de experiencia laboral. Posee un alto nivel deadoctrinamiento en las \u00c1reas de Conducta&#8230; <a class=\"read-more\" href=\"https:\/\/www.radiopresidenteibanez.cl\/web\/marlene-espana-miranda-asume-en-la-seremia-de-economia\/\">Leer m\u00e1s<\/a><\/p>\n","protected":false},"author":2,"featured_media":40608,"comment_status":"closed","ping_status":"closed","sticky":false,"template":"","format":"standard","meta":{"footnotes":""},"categories":[1],"tags":[],"class_list":["post-40607","post","type-post","status-publish","format-standard","has-post-thumbnail","hentry","category-cronica"],"_links":{"self":[{"href":"https:\/\/www.radiopresidenteibanez.cl\/web\/wp-json\/wp\/v2\/posts\/40607","targetHints":{"allow":["GET"]}}],"collection":[{"href":"https:\/\/www.radiopresidenteibanez.cl\/web\/wp-json\/wp\/v2\/posts"}],"about":[{"href":"https:\/\/www.radiopresidenteibanez.cl\/web\/wp-json\/wp\/v2\/types\/post"}],"author":[{"embeddable":true,"href":"https:\/\/www.radiopresidenteibanez.cl\/web\/wp-json\/wp\/v2\/users\/2"}],"replies":[{"embeddable":true,"href":"https:\/\/www.radiopresidenteibanez.cl\/web\/wp-json\/wp\/v2\/comments?post=40607"}],"version-history":[{"count":0,"href":"https:\/\/www.radiopresidenteibanez.cl\/web\/wp-json\/wp\/v2\/posts\/40607\/revisions"}],"wp:featuredmedia":[{"embeddable":true,"href":"https:\/\/www.radiopresidenteibanez.cl\/web\/wp-json\/wp\/v2\/media\/40608"}],"wp:attachment":[{"href":"https:\/\/www.radiopresidenteibanez.cl\/web\/wp-json\/wp\/v2\/media?parent=40607"}],"wp:term":[{"taxonomy":"category","embeddable":true,"href":"https:\/\/www.radiopresidenteibanez.cl\/web\/wp-json\/wp\/v2\/categories?post=40607"},{"taxonomy":"post_tag","embeddable":true,"href":"https:\/\/www.radiopresidenteibanez.cl\/web\/wp-json\/wp\/v2\/tags?post=40607"}],"curies":[{"name":"wp","href":"https:\/\/api.w.org\/{rel}","templated":true}]}}