{"id":4058,"date":"2019-05-09T14:47:49","date_gmt":"2019-05-09T14:47:49","guid":{"rendered":"http:\/\/www.radiopresidenteibanez.cl\/web\/?p=4058"},"modified":"2019-05-09T14:48:33","modified_gmt":"2019-05-09T14:48:33","slug":"universidad-catolica-colaborara-en-la-conservacion-del-patrimonio-de-punta-arenas","status":"publish","type":"post","link":"https:\/\/www.radiopresidenteibanez.cl\/web\/universidad-catolica-colaborara-en-la-conservacion-del-patrimonio-de-punta-arenas\/","title":{"rendered":"UNIVERSIDAD CATOLICA COLABORAR\u00c1 EN LA CONSERVACI\u00d3N DEL PATRIMONIO DE PUNTA ARENAS"},"content":{"rendered":"\n<p>La Universidad Cat\u00f3lica, a trav\u00e9s del Centro del Patrimonio Cultural y su representante Mario Ubilla y el alcalde de la Municipalidad de Punta Arenas, Claudio Radonich, firmaron un convenio de colaboraci\u00f3n para el desarrollo de actividades vinculadas a las problem\u00e1ticas comunales en temas de Patrimonio Cultural.<\/p>\n\n\n\n<p>La iniciativa se origina en el convencimiento com\u00fan de que, m\u00e1s all\u00e1 de los evidentes problemas presentes hoy en la ciudad, \u00e9sta cuenta con caracter\u00edsticas urbanas, naturales, arquitect\u00f3nicas y culturales singulares, que se reflejan en la calidad de vida de sus ciudadanos y que pueden identificarse como patrimoniales, que debieran ser preservadas y entendidas como fuentes de futuras estrategias de desarrollo.<\/p>\n\n\n\n<p>El Alcalde Radonich explic\u00f3 que, a grandes rasgos, el convenio plantea \u201crealizar actividades acad\u00e9micas relacionadas con el patrimonio; generar publicaciones relativa al patrimonio; y desarrollar proyectos de investigaci\u00f3n e investigaci\u00f3n aplicada en torno al patrimonio\u201d.<\/p>\n\n\n\n<p>La Universidad, por su parte, a trav\u00e9s del Centro de Patrimonio Cultural, contribuir\u00e1 con conocimientos espec\u00edficos en temas de patrimonio. Lo aportes podr\u00e1n considerar investigaciones y proyectos acad\u00e9micos de profesores o alumnos. Para ello, el Centro aportar\u00e1 con las redes interdisciplinarias de capital humano avanzado vinculadas al mismo.<\/p>\n\n\n\n<p>\u00abSiempre es un privilegio para nuestra Facultad vincularnos con el mundo de las pol\u00edticas p\u00fablicas, y esta vez con un tinte especial, por tratarse de la ciudad capital m\u00e1s austral de nuestro pa\u00eds. Hemos conversado con el Alcalde y tenemos visiones comunes sobre el desarrollo de la ciudad, la planificaci\u00f3n urbana, el resguardo y preservaci\u00f3n del patrimonio arquitect\u00f3nico y urbano de la ciudad y de lo necesario que es el v\u00ednculo entre la academia y los gobiernos locales para avanzar en diversas materias, como la actualizaci\u00f3n de los instrumentos de planificaci\u00f3n territorial y otros\u00bb, sostuvo el Decano de la Facultad de Arquitectura, Dise\u00f1o y Estudios Urbanos UC, Mario Ubilla.<\/p>\n\n\n\n<p>El convenio fue suscrito en Santiago por el Alcalde Radonich y el Pro Rector de la Universidad Cat\u00f3lica de Chile, profesor Guillermo Marshall.<\/p>\n\n\n\n<figure class=\"wp-block-image\"><img loading=\"lazy\" decoding=\"async\" width=\"700\" height=\"500\" src=\"https:\/\/www.radiopresidenteibanez.cl\/web\/wp-content\/uploads\/2019\/05\/uc.jpg\" alt=\"\" class=\"wp-image-4059\" srcset=\"https:\/\/www.radiopresidenteibanez.cl\/web\/wp-content\/uploads\/2019\/05\/uc.jpg 700w, https:\/\/www.radiopresidenteibanez.cl\/web\/wp-content\/uploads\/2019\/05\/uc-300x214.jpg 300w\" sizes=\"auto, (max-width: 700px) 100vw, 700px\" \/><\/figure>\n","protected":false},"excerpt":{"rendered":"<p>La Universidad Cat\u00f3lica, a trav\u00e9s del Centro del Patrimonio Cultural y su representante Mario Ubilla y el alcalde de la Municipalidad de Punta Arenas, Claudio Radonich, firmaron un convenio de&#8230; <a class=\"read-more\" href=\"https:\/\/www.radiopresidenteibanez.cl\/web\/universidad-catolica-colaborara-en-la-conservacion-del-patrimonio-de-punta-arenas\/\">Leer m\u00e1s<\/a><\/p>\n","protected":false},"author":2,"featured_media":4059,"comment_status":"closed","ping_status":"closed","sticky":false,"template":"","format":"standard","meta":{"footnotes":""},"categories":[1],"tags":[],"class_list":["post-4058","post","type-post","status-publish","format-standard","has-post-thumbnail","hentry","category-cronica"],"_links":{"self":[{"href":"https:\/\/www.radiopresidenteibanez.cl\/web\/wp-json\/wp\/v2\/posts\/4058","targetHints":{"allow":["GET"]}}],"collection":[{"href":"https:\/\/www.radiopresidenteibanez.cl\/web\/wp-json\/wp\/v2\/posts"}],"about":[{"href":"https:\/\/www.radiopresidenteibanez.cl\/web\/wp-json\/wp\/v2\/types\/post"}],"author":[{"embeddable":true,"href":"https:\/\/www.radiopresidenteibanez.cl\/web\/wp-json\/wp\/v2\/users\/2"}],"replies":[{"embeddable":true,"href":"https:\/\/www.radiopresidenteibanez.cl\/web\/wp-json\/wp\/v2\/comments?post=4058"}],"version-history":[{"count":0,"href":"https:\/\/www.radiopresidenteibanez.cl\/web\/wp-json\/wp\/v2\/posts\/4058\/revisions"}],"wp:featuredmedia":[{"embeddable":true,"href":"https:\/\/www.radiopresidenteibanez.cl\/web\/wp-json\/wp\/v2\/media\/4059"}],"wp:attachment":[{"href":"https:\/\/www.radiopresidenteibanez.cl\/web\/wp-json\/wp\/v2\/media?parent=4058"}],"wp:term":[{"taxonomy":"category","embeddable":true,"href":"https:\/\/www.radiopresidenteibanez.cl\/web\/wp-json\/wp\/v2\/categories?post=4058"},{"taxonomy":"post_tag","embeddable":true,"href":"https:\/\/www.radiopresidenteibanez.cl\/web\/wp-json\/wp\/v2\/tags?post=4058"}],"curies":[{"name":"wp","href":"https:\/\/api.w.org\/{rel}","templated":true}]}}