{"id":40576,"date":"2023-06-20T11:43:00","date_gmt":"2023-06-20T14:43:00","guid":{"rendered":"https:\/\/www.radiopresidenteibanez.cl\/web\/?p=40576"},"modified":"2023-06-20T08:50:39","modified_gmt":"2023-06-20T11:50:39","slug":"conemoran-dia-mundial-contra-el-trabajo-infantil-con-actividad-de-concientizacion-sobre-trabajo-domestico","status":"publish","type":"post","link":"https:\/\/www.radiopresidenteibanez.cl\/web\/conemoran-dia-mundial-contra-el-trabajo-infantil-con-actividad-de-concientizacion-sobre-trabajo-domestico\/","title":{"rendered":"CONEMORAN DIA MUNDIAL CONTRA EL TRABAJO INFANTIL CON ACTIVIDAD DE CONCIENTIZACION SOBRE TRABAJO DOMESTICO"},"content":{"rendered":"\n<p>A trav\u00e9s de una intervenci\u00f3n en el m\u00f3dulo central de Zona<br>Franca, las autoridades de la cartera del Trabajo, junto a la Corporaci\u00f3n Opci\u00f3n y miembros del<br>Comit\u00e9 Regional de Erradicaci\u00f3n del Trabajo Infantil (CRETI), conmemoraron el D\u00eda mundial contra<br>el Trabajo Infantil con un nuevo foco, esta vez, ligado a lo que representa el trabajo dom\u00e9stico<br>como vulneraci\u00f3n de derechos.<br>Con participaci\u00f3n de autoridades de la Mujer y Equidad de G\u00e9nero, Deporte, Justicia y Derechos<br>Humanos, Direcci\u00f3n regional del Trabajo, Instituto de Seguridad Laboral, Injuv, Mejor Ni\u00f1ez y otras<br>instituciones regionales, se desarroll\u00f3 un acto en el que se dio a conocer la perspectiva de los<br>ni\u00f1os sobre el trabajo infantil y, asimismo, se difundi\u00f3 informaci\u00f3n relevante sobre esta pol\u00edtica de<br>Estado.<br>Al respecto, la Seremi del Trabajo, Doris Sandoval, explic\u00f3 el origen de esta iniciativa. \u201cEste<br>relacionamiento que tenemos con la Corporaci\u00f3n Opci\u00f3n -y con las y los participantes del CRETI-<br>se inscribe en una propuesta nacional y regional de trabajar articuladamente con todos los<br>servicios del Estado en Magallanes, con una meta muy concreta para lograr erradicar el trabajo<br>infantil y tambi\u00e9n tener la capacidad operativa de proteger el trabajo adolescente que la<br>normativa permite realizar\u201d.<br>Sobre lo mismo, la seremi relev\u00f3 esta intenci\u00f3n de concientizar a la comunidad local sobre el<br>trabajo dom\u00e9stico. \u201cEstamos empe\u00f1ados, como gobierno, en generar las condiciones para que<br>sean los adultos y adultas quienes puedan satisfacer las necesidades de su familia. Eso no siempre<br>resulta as\u00ed y por eso tenemos una perspectiva integral para abordar el trabajo infantil. Generar un<br>sistema que permita a las familias, y no a los ni\u00f1os, y, particularmente, no a las ni\u00f1as, hacerse<br>cargo del trabajo dom\u00e9stico al interior de sus hogares. Ese es nuestro norte\u201d, enfatiz\u00f3.<br>Por su parte, Lilian Salazar, directora zonal de Corporaci\u00f3n Opci\u00f3n, explic\u00f3 que \u201ccomo parte del<br>CRETI, realizamos una actividad sobre c\u00f3mo los ni\u00f1os y ni\u00f1as ven el trabajo infantil en sus<br>diferentes espacios. Hoy el art\u00edculo 32 de la Convenci\u00f3n de los Derechos del Ni\u00f1o habla de c\u00f3mo<br>los Estados se hacen parte de la no explotaci\u00f3n a nivel dom\u00e9stico de las ni\u00f1as y los ni\u00f1os, por<br>tanto, es un tema que hay que relevar. Hoy, especialmente, tras la pandemia, hay un alto n\u00famero<br>de ni\u00f1os que ha desertado del sistema escolar y eso se debe, principalmente, por el trabajo<br>dom\u00e9stico que se ha venido dando en este \u00faltimo tiempo\u201d.<\/p>\n\n\n\n<p>En el marco de las diferentes actividades de conmemoraci\u00f3n del Mes Contra el Trabajo Infantil,<br>durante la jornada se desarroll\u00f3 esta misma intervenci\u00f3n en las diferentes ciudades donde opera<br>Corporaci\u00f3n Opci\u00f3n. Una de ellas, Puerto Natales, donde se realiz\u00f3 un encuentro en la Biblioteca<br>Municipal de la ciudad para invitar a reflexionar, escuchar y trabajar para erradicar el trabajo<br>infantil tambi\u00e9n a nivel provincial.<br>Para mayor informaci\u00f3n, las autoridades invitaron a la comunidad a informarse a trav\u00e9s del<br>renovado sitio web ministerial www.noaltrabajoinfantil.cl, donde se da a conocer la labor de los<br>comit\u00e9s regionales y los avances de Chile en la eliminaci\u00f3n del trabajo infantil, trabajo forzoso y<br>trata de personas, adem\u00e1s de conceptos, documentos y herramientas necesarias para comprender<br>el fen\u00f3meno del trabajo infantil a nivel nacional.<\/p>\n","protected":false},"excerpt":{"rendered":"<p>A trav\u00e9s de una intervenci\u00f3n en el m\u00f3dulo central de ZonaFranca, las autoridades de la cartera del Trabajo, junto a la Corporaci\u00f3n Opci\u00f3n y miembros delComit\u00e9 Regional de Erradicaci\u00f3n del&#8230; <a class=\"read-more\" href=\"https:\/\/www.radiopresidenteibanez.cl\/web\/conemoran-dia-mundial-contra-el-trabajo-infantil-con-actividad-de-concientizacion-sobre-trabajo-domestico\/\">Leer m\u00e1s<\/a><\/p>\n","protected":false},"author":2,"featured_media":40577,"comment_status":"closed","ping_status":"closed","sticky":false,"template":"","format":"standard","meta":{"footnotes":""},"categories":[1],"tags":[],"class_list":["post-40576","post","type-post","status-publish","format-standard","has-post-thumbnail","hentry","category-cronica"],"_links":{"self":[{"href":"https:\/\/www.radiopresidenteibanez.cl\/web\/wp-json\/wp\/v2\/posts\/40576","targetHints":{"allow":["GET"]}}],"collection":[{"href":"https:\/\/www.radiopresidenteibanez.cl\/web\/wp-json\/wp\/v2\/posts"}],"about":[{"href":"https:\/\/www.radiopresidenteibanez.cl\/web\/wp-json\/wp\/v2\/types\/post"}],"author":[{"embeddable":true,"href":"https:\/\/www.radiopresidenteibanez.cl\/web\/wp-json\/wp\/v2\/users\/2"}],"replies":[{"embeddable":true,"href":"https:\/\/www.radiopresidenteibanez.cl\/web\/wp-json\/wp\/v2\/comments?post=40576"}],"version-history":[{"count":0,"href":"https:\/\/www.radiopresidenteibanez.cl\/web\/wp-json\/wp\/v2\/posts\/40576\/revisions"}],"wp:featuredmedia":[{"embeddable":true,"href":"https:\/\/www.radiopresidenteibanez.cl\/web\/wp-json\/wp\/v2\/media\/40577"}],"wp:attachment":[{"href":"https:\/\/www.radiopresidenteibanez.cl\/web\/wp-json\/wp\/v2\/media?parent=40576"}],"wp:term":[{"taxonomy":"category","embeddable":true,"href":"https:\/\/www.radiopresidenteibanez.cl\/web\/wp-json\/wp\/v2\/categories?post=40576"},{"taxonomy":"post_tag","embeddable":true,"href":"https:\/\/www.radiopresidenteibanez.cl\/web\/wp-json\/wp\/v2\/tags?post=40576"}],"curies":[{"name":"wp","href":"https:\/\/api.w.org\/{rel}","templated":true}]}}