{"id":40554,"date":"2023-06-19T15:13:00","date_gmt":"2023-06-19T18:13:00","guid":{"rendered":"https:\/\/www.radiopresidenteibanez.cl\/web\/?p=40554"},"modified":"2023-06-19T10:44:24","modified_gmt":"2023-06-19T13:44:24","slug":"presidenta-del-sindicato-de-trabajadores-de-enap-magallanes-descarto-que-existiera-un-eventual-desabastecimiento-de-combustible-en-la-region-debido-a-la-situacion-de-la-refineria-aconcagua","status":"publish","type":"post","link":"https:\/\/www.radiopresidenteibanez.cl\/web\/presidenta-del-sindicato-de-trabajadores-de-enap-magallanes-descarto-que-existiera-un-eventual-desabastecimiento-de-combustible-en-la-region-debido-a-la-situacion-de-la-refineria-aconcagua\/","title":{"rendered":"Presidenta del Sindicato de Trabajadores de Enap Magallanes, descart\u00f3 que existiera un eventual desabastecimiento de combustible en la regi\u00f3n debido a la situaci\u00f3n de la Refiner\u00eda Aconcagua."},"content":{"rendered":"\n<p>El pasado 14 junio el gerente de la Refiner\u00eda Aconcagua (Conc\u00f3n) en la V<br>Regi\u00f3n, Patricio Farf\u00e1n, se refer\u00eda a la disponibilidad de crudo para la refinaci\u00f3n y distribuci\u00f3n de<br>combustibles, y de las complicaciones que tuvieron debido a factores geogr\u00e1ficos, espec\u00edficamente<br>por avisos de marejadas en la zona. En ese sentido, Graciela V\u00e1squez presidenta del Sindicato de<br>Trabajadores de ENAP Magallanes, inform\u00f3 que, \u201cDe acuerdo a lo informado por la administraci\u00f3n<br>de la empresa, Enap retom\u00f3 sus operaciones con el stock de combustible que disponen, situaci\u00f3n<br>que se ir\u00e1 regulando a medida que se genere la descarga de los buques en la zona\u201d, descartando<br>de plano la probabilidad de desabastecimiento.<br>La dirigente de los petroleros de Magallanes explic\u00f3 que sin duda hay costos asociados a la<br>sobreestad\u00eda de los buques que han realizado descargas, sumado a lo anteriores lo complejo de las<br>condiciones, \u201cNo tengo la informaci\u00f3n si han descargado todos los buques, pero partieron con los<br>que traen gasolina para la regi\u00f3n y as\u00ed aumentar el stock\u201d, agreg\u00f3 adem\u00e1s que, \u201cEn cinco d\u00edas m\u00e1s<br>llegar\u00e1 el buque \u00abPionero\u00bb, lo que se supone estabilizar\u00e1 a\u00fan m\u00e1s el sistema\u00bb.<br>Actualmente ENAP mantiene 5 buques con un total de 118.138 m3 de gasolina, 2 buques de crudo<br>con 265.700 m3 y 2 naves con cargas complementarias 83.368 m3, descarga que se comenz\u00f3 a<br>realizar al existir una ventana clim\u00e1tica y al verificarse las condiciones de seguridad para la<br>adecuada realizaci\u00f3n de las operaciones mar\u00edtimas, atendido el acuerdo al que llegaron el<br>Gobierno con los pescadores de la bah\u00eda de Quintero.<br>De esta informaci\u00f3n se desprende que el proceso de abastecimiento y producci\u00f3n en la refiner\u00eda<br>de Conc\u00f3n se encuentra funcionando en condiciones normales y que sigue funcionando la<br>secuencia de buques que permiten el abastecimiento de gasolina.<\/p>\n","protected":false},"excerpt":{"rendered":"<p>El pasado 14 junio el gerente de la Refiner\u00eda Aconcagua (Conc\u00f3n) en la VRegi\u00f3n, Patricio Farf\u00e1n, se refer\u00eda a la disponibilidad de crudo para la refinaci\u00f3n y distribuci\u00f3n decombustibles, y&#8230; <a class=\"read-more\" href=\"https:\/\/www.radiopresidenteibanez.cl\/web\/presidenta-del-sindicato-de-trabajadores-de-enap-magallanes-descarto-que-existiera-un-eventual-desabastecimiento-de-combustible-en-la-region-debido-a-la-situacion-de-la-refineria-aconcagua\/\">Leer m\u00e1s<\/a><\/p>\n","protected":false},"author":2,"featured_media":40555,"comment_status":"closed","ping_status":"closed","sticky":false,"template":"","format":"standard","meta":{"footnotes":""},"categories":[1],"tags":[],"class_list":["post-40554","post","type-post","status-publish","format-standard","has-post-thumbnail","hentry","category-cronica"],"_links":{"self":[{"href":"https:\/\/www.radiopresidenteibanez.cl\/web\/wp-json\/wp\/v2\/posts\/40554","targetHints":{"allow":["GET"]}}],"collection":[{"href":"https:\/\/www.radiopresidenteibanez.cl\/web\/wp-json\/wp\/v2\/posts"}],"about":[{"href":"https:\/\/www.radiopresidenteibanez.cl\/web\/wp-json\/wp\/v2\/types\/post"}],"author":[{"embeddable":true,"href":"https:\/\/www.radiopresidenteibanez.cl\/web\/wp-json\/wp\/v2\/users\/2"}],"replies":[{"embeddable":true,"href":"https:\/\/www.radiopresidenteibanez.cl\/web\/wp-json\/wp\/v2\/comments?post=40554"}],"version-history":[{"count":0,"href":"https:\/\/www.radiopresidenteibanez.cl\/web\/wp-json\/wp\/v2\/posts\/40554\/revisions"}],"wp:featuredmedia":[{"embeddable":true,"href":"https:\/\/www.radiopresidenteibanez.cl\/web\/wp-json\/wp\/v2\/media\/40555"}],"wp:attachment":[{"href":"https:\/\/www.radiopresidenteibanez.cl\/web\/wp-json\/wp\/v2\/media?parent=40554"}],"wp:term":[{"taxonomy":"category","embeddable":true,"href":"https:\/\/www.radiopresidenteibanez.cl\/web\/wp-json\/wp\/v2\/categories?post=40554"},{"taxonomy":"post_tag","embeddable":true,"href":"https:\/\/www.radiopresidenteibanez.cl\/web\/wp-json\/wp\/v2\/tags?post=40554"}],"curies":[{"name":"wp","href":"https:\/\/api.w.org\/{rel}","templated":true}]}}