{"id":40548,"date":"2023-06-19T12:30:00","date_gmt":"2023-06-19T15:30:00","guid":{"rendered":"https:\/\/www.radiopresidenteibanez.cl\/web\/?p=40548"},"modified":"2023-06-19T10:30:43","modified_gmt":"2023-06-19T13:30:43","slug":"jessica-bengoa-consejera-constituyente-la-ciudadania-es-quien-debe-legitimar-este-proceso","status":"publish","type":"post","link":"https:\/\/www.radiopresidenteibanez.cl\/web\/jessica-bengoa-consejera-constituyente-la-ciudadania-es-quien-debe-legitimar-este-proceso\/","title":{"rendered":"JESSICA BENGOA, CONSEJERA CONSTITUYENTE \u201cLA CIUDADANIA ES QUIEN DEBE LEGITIMAR ESTE PROCESO\u00bb"},"content":{"rendered":"\n<p>El 7 de junio, el Consejo Constituyente comenz\u00f3 sus funciones con la celebraci\u00f3n de su<br>primer plenario, reuniendo por primera vez a todos los consejeros constituyentes en el<br>edificio del ex Congreso Nacional. Este \u00f3rgano ser\u00e1 responsable de trabajar durante los<br>pr\u00f3ximos 5 meses en el anteproyecto presentado por la comisi\u00f3n experta respetando las 12<br>bases constitucionales acordadas por la mayor\u00eda de los partidos pol\u00edticos.<br>En cuanto al trabajo que pretende llevar a cabo la consejera de Convergencia Social,<br>mencion\u00f3 que una de sus prioridades es \u00abavanzar hacia un pa\u00eds descentralizado, en el cual<br>vivir en una regi\u00f3n como Magallanes no traiga aparejado dificultades y limitaciones en el<br>desarrollo del proyecto de vida de cada persona. Estas barreras impuestas principalmente<br>por el sistema altamente centralizado que existe en Chile en la actualidad es lo que<br>pretendemos cambiar. Este punto fue mencionado durante la campa\u00f1a y ahora nos<br>esforzamos por incluirlo en el proyecto de la nueva Constituci\u00f3n\u00bb.<br>Ocultar texto citado<br>Debido a esta demanda ciudadana que la consejera por Magallanes busca llevar al \u00fanico<br>\u00f3rgano elegido democr\u00e1ticamente encargado de redactar la nueva constituci\u00f3n, asume \u00abcon<br>gran responsabilidad el ser parte de la comisi\u00f3n de sistema pol\u00edtico y formas de Estado, en<br>la cual uno de los puntos a discutir es el grado de descentralizaci\u00f3n que existir\u00e1 en materia<br>pol\u00edtica, administrativa y fiscal\u00bb.<br>Finalmente, hace un llamado a la ciudadan\u00eda a \u201cparticipar en este proceso hist\u00f3rico para<br>Chile. La ciudadan\u00eda es quien debe legitimar este proceso y nosotros, como representantes,<br>debemos estar disponibles para recibir sus inquietudes, anhelos y, sobre todo, c\u00f3mo<br>imaginan a Chile en las pr\u00f3ximas d\u00e9cadas\u00bb.<\/p>\n","protected":false},"excerpt":{"rendered":"<p>El 7 de junio, el Consejo Constituyente comenz\u00f3 sus funciones con la celebraci\u00f3n de suprimer plenario, reuniendo por primera vez a todos los consejeros constituyentes en eledificio del ex Congreso&#8230; <a class=\"read-more\" href=\"https:\/\/www.radiopresidenteibanez.cl\/web\/jessica-bengoa-consejera-constituyente-la-ciudadania-es-quien-debe-legitimar-este-proceso\/\">Leer m\u00e1s<\/a><\/p>\n","protected":false},"author":2,"featured_media":40549,"comment_status":"closed","ping_status":"closed","sticky":false,"template":"","format":"standard","meta":{"footnotes":""},"categories":[1],"tags":[],"class_list":["post-40548","post","type-post","status-publish","format-standard","has-post-thumbnail","hentry","category-cronica"],"_links":{"self":[{"href":"https:\/\/www.radiopresidenteibanez.cl\/web\/wp-json\/wp\/v2\/posts\/40548","targetHints":{"allow":["GET"]}}],"collection":[{"href":"https:\/\/www.radiopresidenteibanez.cl\/web\/wp-json\/wp\/v2\/posts"}],"about":[{"href":"https:\/\/www.radiopresidenteibanez.cl\/web\/wp-json\/wp\/v2\/types\/post"}],"author":[{"embeddable":true,"href":"https:\/\/www.radiopresidenteibanez.cl\/web\/wp-json\/wp\/v2\/users\/2"}],"replies":[{"embeddable":true,"href":"https:\/\/www.radiopresidenteibanez.cl\/web\/wp-json\/wp\/v2\/comments?post=40548"}],"version-history":[{"count":0,"href":"https:\/\/www.radiopresidenteibanez.cl\/web\/wp-json\/wp\/v2\/posts\/40548\/revisions"}],"wp:featuredmedia":[{"embeddable":true,"href":"https:\/\/www.radiopresidenteibanez.cl\/web\/wp-json\/wp\/v2\/media\/40549"}],"wp:attachment":[{"href":"https:\/\/www.radiopresidenteibanez.cl\/web\/wp-json\/wp\/v2\/media?parent=40548"}],"wp:term":[{"taxonomy":"category","embeddable":true,"href":"https:\/\/www.radiopresidenteibanez.cl\/web\/wp-json\/wp\/v2\/categories?post=40548"},{"taxonomy":"post_tag","embeddable":true,"href":"https:\/\/www.radiopresidenteibanez.cl\/web\/wp-json\/wp\/v2\/tags?post=40548"}],"curies":[{"name":"wp","href":"https:\/\/api.w.org\/{rel}","templated":true}]}}