{"id":40545,"date":"2023-06-19T11:25:00","date_gmt":"2023-06-19T14:25:00","guid":{"rendered":"https:\/\/www.radiopresidenteibanez.cl\/web\/?p=40545"},"modified":"2023-06-19T08:43:52","modified_gmt":"2023-06-19T11:43:52","slug":"minvu-capacito-a-equipos-municipales-y-empresas-sobre-primer-llamado-regional-a-programa-de-habitabilidad-rural","status":"publish","type":"post","link":"https:\/\/www.radiopresidenteibanez.cl\/web\/minvu-capacito-a-equipos-municipales-y-empresas-sobre-primer-llamado-regional-a-programa-de-habitabilidad-rural\/","title":{"rendered":"MINVU CAPACITO A EQUIPOS MUNICIPALES Y EMPRESAS SOBRE PRIMER LLAMADO REGIONAL A PROGRAMA DE HABITABILIDAD RURAL"},"content":{"rendered":"\n<p>Con la participaci\u00f3n de equipos t\u00e9cnicos y sociales de seis municipios rurales de la Regi\u00f3n, siete empresas contratistas y tres entidades patrocinantes, se llev\u00f3 a cabo esta semana una jornada de capacitaci\u00f3n sobre el primer llamado regional de postulaci\u00f3n al Programa de Habitabilidad Rural regido por el Decreto Supremo N\u00b010 que entra en vigencia este viernes 16 de junio.<\/p>\n\n\n\n<p>El llamado a postulaci\u00f3n considera un presupuesto total de 254.400 UF (9.176 millones de pesos aproximadamente) para la selecci\u00f3n de proyectos de construcci\u00f3n de vivienda nueva en las tipolog\u00edas de conjunto habitacional (postulaci\u00f3n colectiva) o sitio del residente en localidades de menos de 5 mil habitantes de la Regi\u00f3n de Magallanes y de la Ant\u00e1rtica Chilena. Se considera, adem\u00e1s, que los proyectos presentados cuenten con aporte complementario del Gobierno Regional en el marco del convenio Minvu-Gore.<\/p>\n\n\n\n<p>El Seremi de Vivienda y Urbanismo, Marco Uribe Saldivia se\u00f1al\u00f3 \u201cPara nosotros es muy importante la convocatoria que alcanzamos en esta jornada de capacitaci\u00f3n, para seguir trabajando de manera colaborativa con los municipios rurales como tambi\u00e9n con las empresas constructoras que pueden ser parte de este gran desaf\u00edo que tenemos como Ministerio que es la descentralizaci\u00f3n y llegar con soluciones habitacionales a todas las comunas de la Regi\u00f3n\u201d.<\/p>\n\n\n\n<p>En la jornada se inform\u00f3 la situaci\u00f3n actual del Plan de Emergencia Habitacional en cada una de las comunas rurales y las principales caracter\u00edsticas del llamado en relaci\u00f3n al pago de obras, el servicio de asistencia t\u00e9cnica y el financiamiento de mayores costos de transporte de materiales de construcci\u00f3n, considerando la extensi\u00f3n del territorio, entre otras adecuaciones.<\/p>\n\n\n\n<p>Respecto a este llamado efectuado en el marco del Plan de Emergencia Habitacional, con el objetivo de llegar con soluciones habitacionales a las comunas rurales, la Directora Regional del SERVIU expres\u00f3 \u201cHacemos la invitaci\u00f3n a aprovechar lo que hoy tenemos con este llamado especial, tenemos los recursos, tenemos las capacidades y confiamos en que familias de todas las comunas de la regi\u00f3n puedan tener viviendas dignas y adecuadas, ese es el llamado y estamos muy contentos y agradecidos de la convocatoria a la jornada\u201d.<\/p>\n\n\n\n<p>La alcaldesa de San Gregorio, Jeannette Andrade Ruiz, presente en la jornada indic\u00f3 \u201cEs muy importante este programa para nosotros, llevamos un trabajo avanzado y tenemos consideradas 25 viviendas inicialmente en terrenos municipales. Mucha gente que paga arriendo por lo que este avance es muy valorado dentro de nuestra comuna\u201d.<\/p>\n","protected":false},"excerpt":{"rendered":"<p>Con la participaci\u00f3n de equipos t\u00e9cnicos y sociales de seis municipios rurales de la Regi\u00f3n, siete empresas contratistas y tres entidades patrocinantes, se llev\u00f3 a cabo esta semana una jornada&#8230; <a class=\"read-more\" href=\"https:\/\/www.radiopresidenteibanez.cl\/web\/minvu-capacito-a-equipos-municipales-y-empresas-sobre-primer-llamado-regional-a-programa-de-habitabilidad-rural\/\">Leer m\u00e1s<\/a><\/p>\n","protected":false},"author":2,"featured_media":40546,"comment_status":"closed","ping_status":"closed","sticky":false,"template":"","format":"standard","meta":{"footnotes":""},"categories":[1],"tags":[],"class_list":["post-40545","post","type-post","status-publish","format-standard","has-post-thumbnail","hentry","category-cronica"],"_links":{"self":[{"href":"https:\/\/www.radiopresidenteibanez.cl\/web\/wp-json\/wp\/v2\/posts\/40545","targetHints":{"allow":["GET"]}}],"collection":[{"href":"https:\/\/www.radiopresidenteibanez.cl\/web\/wp-json\/wp\/v2\/posts"}],"about":[{"href":"https:\/\/www.radiopresidenteibanez.cl\/web\/wp-json\/wp\/v2\/types\/post"}],"author":[{"embeddable":true,"href":"https:\/\/www.radiopresidenteibanez.cl\/web\/wp-json\/wp\/v2\/users\/2"}],"replies":[{"embeddable":true,"href":"https:\/\/www.radiopresidenteibanez.cl\/web\/wp-json\/wp\/v2\/comments?post=40545"}],"version-history":[{"count":0,"href":"https:\/\/www.radiopresidenteibanez.cl\/web\/wp-json\/wp\/v2\/posts\/40545\/revisions"}],"wp:featuredmedia":[{"embeddable":true,"href":"https:\/\/www.radiopresidenteibanez.cl\/web\/wp-json\/wp\/v2\/media\/40546"}],"wp:attachment":[{"href":"https:\/\/www.radiopresidenteibanez.cl\/web\/wp-json\/wp\/v2\/media?parent=40545"}],"wp:term":[{"taxonomy":"category","embeddable":true,"href":"https:\/\/www.radiopresidenteibanez.cl\/web\/wp-json\/wp\/v2\/categories?post=40545"},{"taxonomy":"post_tag","embeddable":true,"href":"https:\/\/www.radiopresidenteibanez.cl\/web\/wp-json\/wp\/v2\/tags?post=40545"}],"curies":[{"name":"wp","href":"https:\/\/api.w.org\/{rel}","templated":true}]}}