{"id":40526,"date":"2023-06-17T16:43:00","date_gmt":"2023-06-17T19:43:00","guid":{"rendered":"https:\/\/www.radiopresidenteibanez.cl\/web\/?p=40526"},"modified":"2023-06-17T20:46:27","modified_gmt":"2023-06-17T23:46:27","slug":"mop-avanza-en-pavimentacion-de-ruta-internacional-que-conecta-chile-con-argentina-a-traves-de-paso-fronterizo-casas-viejas","status":"publish","type":"post","link":"https:\/\/www.radiopresidenteibanez.cl\/web\/mop-avanza-en-pavimentacion-de-ruta-internacional-que-conecta-chile-con-argentina-a-traves-de-paso-fronterizo-casas-viejas\/","title":{"rendered":"MOP avanza en pavimentaci\u00f3n de Ruta Internacional que conecta Chile con Argentina a trav\u00e9s de paso fronterizo Casas Viejas"},"content":{"rendered":"\n<p>Buenas noticias para la Provincia de \u00daltima Esperanza. Este jueves 8 de junio la Direcci\u00f3n de Vialidad del Ministerio de Obras P\u00fablicas, realiz\u00f3 la apertura econ\u00f3mica de la obra que implicar\u00e1 la pavimentaci\u00f3n del camino de la Ruta Internacional 253 \u2013CH, que conecta Chile con Argentina, a trav\u00e9s del paso fronterizo Casas Viejas, una de las principales v\u00edas de acceso a la localidad.<\/p>\n\n\n\n<p>En el proceso de licitaci\u00f3n participaron tres empresas: Constructora Vilicic, Flesan S.A e Ingenier\u00eda Civil Vicente, encontr\u00e1ndose actualmente en evaluaci\u00f3n las ofertas econ\u00f3micas por parte de la Direcci\u00f3n de Vialidad.<\/p>\n\n\n\n<p>&nbsp;\u201cMantener y reforzar la conectividad en toda nuestra regi\u00f3n, es una tarea encomendada por el Presidente Gabriel Boric, para potenciar el desarrollo productivo, tur\u00edstico y social de Magallanes, por lo que esta obra anunciada por el MOP,&nbsp; est\u00e1 precisamente orientada a cumplir ese objetivo, entregando \u00f3ptimas condiciones a esta importante ruta que nos conecta al pa\u00eds vecino, brindando un mejor flujo y seguridad a quienes transitan por esa v\u00eda\u201d, enfatiz\u00f3 el Delegado Presidencial Regional, Jos\u00e9 Ruiz Pivcevic.&nbsp;<\/p>\n\n\n\n<p>\u201cSeguimos trabajando como Ministerio de Obras P\u00fablicas para mejorar el est\u00e1ndar de los caminos de la provincia y con ello entregar un mejor servicio en materia de infraestructura p\u00fablica de Estado. Con esta obra se soluciona una problem\u00e1tica hist\u00f3rica asociada a molestias por baches, polvo en suspensi\u00f3n, entre otras, que se ver\u00e1n superadas por una ruta de alto est\u00e1ndar, acorde a su car\u00e1cter internacional, mejorando as\u00ed mismo la seguridad vial, tiempos de traslado y comodidad de quienes utilizan este camino\u201d, dijo la Seremi Dahi\u00e1n Oyarz\u00fan.<\/p>\n\n\n\n<p>Como indic\u00f3 la Directora Regional de Vialidad, Valeria Oyarzo, la obra considera el reemplazo de la actual carpeta granular por una soluci\u00f3n de pavimento de hormig\u00f3n de 7 metros de ancho a lo largo de todo el tramo del contrato, correspondiente a 3 Kil\u00f3metros aproximadamente, adem\u00e1s de contemplar obras de saneamiento como fosos, contrafosos, y se\u00f1alizaciones, entre otras.<\/p>\n","protected":false},"excerpt":{"rendered":"<p>Buenas noticias para la Provincia de \u00daltima Esperanza. Este jueves 8 de junio la Direcci\u00f3n de Vialidad del Ministerio de Obras P\u00fablicas, realiz\u00f3 la apertura econ\u00f3mica de la obra que&#8230; <a class=\"read-more\" href=\"https:\/\/www.radiopresidenteibanez.cl\/web\/mop-avanza-en-pavimentacion-de-ruta-internacional-que-conecta-chile-con-argentina-a-traves-de-paso-fronterizo-casas-viejas\/\">Leer m\u00e1s<\/a><\/p>\n","protected":false},"author":2,"featured_media":40527,"comment_status":"closed","ping_status":"closed","sticky":false,"template":"","format":"standard","meta":{"footnotes":""},"categories":[1],"tags":[],"class_list":["post-40526","post","type-post","status-publish","format-standard","has-post-thumbnail","hentry","category-cronica"],"_links":{"self":[{"href":"https:\/\/www.radiopresidenteibanez.cl\/web\/wp-json\/wp\/v2\/posts\/40526","targetHints":{"allow":["GET"]}}],"collection":[{"href":"https:\/\/www.radiopresidenteibanez.cl\/web\/wp-json\/wp\/v2\/posts"}],"about":[{"href":"https:\/\/www.radiopresidenteibanez.cl\/web\/wp-json\/wp\/v2\/types\/post"}],"author":[{"embeddable":true,"href":"https:\/\/www.radiopresidenteibanez.cl\/web\/wp-json\/wp\/v2\/users\/2"}],"replies":[{"embeddable":true,"href":"https:\/\/www.radiopresidenteibanez.cl\/web\/wp-json\/wp\/v2\/comments?post=40526"}],"version-history":[{"count":0,"href":"https:\/\/www.radiopresidenteibanez.cl\/web\/wp-json\/wp\/v2\/posts\/40526\/revisions"}],"wp:featuredmedia":[{"embeddable":true,"href":"https:\/\/www.radiopresidenteibanez.cl\/web\/wp-json\/wp\/v2\/media\/40527"}],"wp:attachment":[{"href":"https:\/\/www.radiopresidenteibanez.cl\/web\/wp-json\/wp\/v2\/media?parent=40526"}],"wp:term":[{"taxonomy":"category","embeddable":true,"href":"https:\/\/www.radiopresidenteibanez.cl\/web\/wp-json\/wp\/v2\/categories?post=40526"},{"taxonomy":"post_tag","embeddable":true,"href":"https:\/\/www.radiopresidenteibanez.cl\/web\/wp-json\/wp\/v2\/tags?post=40526"}],"curies":[{"name":"wp","href":"https:\/\/api.w.org\/{rel}","templated":true}]}}