{"id":40494,"date":"2023-06-16T11:17:00","date_gmt":"2023-06-16T14:17:00","guid":{"rendered":"https:\/\/www.radiopresidenteibanez.cl\/web\/?p=40494"},"modified":"2023-06-16T09:41:11","modified_gmt":"2023-06-16T12:41:11","slug":"sector-salud-de-magallanes-y-agrupacion-de-futbolito-senior-se-unieron-parapromover-la-vacunacion-en-preparacion-a-meses-de-invierno","status":"publish","type":"post","link":"https:\/\/www.radiopresidenteibanez.cl\/web\/sector-salud-de-magallanes-y-agrupacion-de-futbolito-senior-se-unieron-parapromover-la-vacunacion-en-preparacion-a-meses-de-invierno\/","title":{"rendered":"SECTOR SALUD DE MAGALLANES Y AGRUPACI\u00d3N DE FUTBOLITO SENIOR SE UNIERON PARAPROMOVER LA VACUNACI\u00d3N EN PREPARACION A MESES DE INVIERNO"},"content":{"rendered":"\n<p>En un esfuerzo conjunto entre el sector salud Magallanes y la Agrupaci\u00f3n de Futbolito Senior de<br>Punta Arenas, se llev\u00f3 a cabo el fin de semana pasado un operativo extraordinario de vacunaci\u00f3n<br>contra la influenza y el COVID-19, con el objetivo de acercar la inmunizaci\u00f3n a la comunidad y<br>promover la salud en tiempos de pandemia. Esta iniciativa, enmarcada tambi\u00e9n en la Campa\u00f1a de<br>Invierno, cont\u00f3 con una buena respuesta de la comunidad, da cuenta de la importancia del trabajo<br>intersectorial para disponer de espacios extramurales para realizar este proceso.<br>En la ocasi\u00f3n se dispuso de un punto de vacunaci\u00f3n en la sala de uso m\u00faltiple que se encuentra a<br>un costado de las canchas de futbolito senior, donde jugadores y sus familias, as\u00ed como comunidad<br>que circulaba por el lugar, pudo realizar este importante proceso y protegerse para el periodo<br>invernal. Posteriormente y previo al inicio del partido entre los equipos de Barrabases y Audax, se<br>despleg\u00f3 un lienzo de la campa\u00f1a Vac\u00fanate Con la Dupla, donde autoridades de salud, dirigentes y<br>jugadores reforzaron el llamado a la comunidad a vacunarse a la brevedad, sobre todo ante el<br>aumento de la circulaci\u00f3n viral y como importante medida preventiva y de autocuidado.<br>La Seremi de Salud, Francisca Sanfuentes, indic\u00f3 que: \u201cEstamos con el apoyo de la Agrupaci\u00f3n de<br>Futbolito Senior reforzando el llamado a todas las personas a vacunarse contra la Influenza y<br>COVID-19 porque sabemos que estamos entrando en pleno periodo de invierno en que la<br>circulaci\u00f3n de virus respiratorios est\u00e1 siendo muy importante y esta es una herramienta<br>fundamental que tenemos para protegernos, la cual es gratuita y est\u00e1 disponible para todas las<br>personas de los grupos de riesgo, la estamos acercando a la comunidad, y en esta oportunidad,<br>tambi\u00e9n al mundo del deporte con un punto de vacunaci\u00f3n en este recinto deportivo\u201d.<br>La Directora del Servicio de Salud, Ver\u00f3nica Y\u00e1\u00f1ez, explic\u00f3 que \u201cestamos en esta instancia de<br>f\u00fatbol y de deporte que es un estilo de vida saludable, y tambi\u00e9n queremos reforzar la vacunaci\u00f3n<br>que se enmarca en nuestra campa\u00f1a de invierno y dentro de la promoci\u00f3n y prevenci\u00f3n en salud,<br>donde tenemos que reforzar la vacuna bivalente y anti-influenza. Nosotros estamos aumentando<br>los casos y la circulaci\u00f3n viral, por lo tanto, tenemos que prevenir y parte de todo este proceso<br>preventivo comienza con la vacunaci\u00f3n\u201d.<br>El presidente de la agrupaci\u00f3n de Futbolito Senior de Punta Arenas, Julio N\u00fa\u00f1ez, indic\u00f3 que es<br>important\u00edsimo acercar la vacuna a los diversos lugares. \u201cCuando nos plantearon realizar esta<br>actividad aceptamos inmediatamente. Nosotros tenemos una planilla de 3.000 jugadores inscritos.<br>Somos todos senior, de 36 a\u00f1os a 65 a\u00f1os, y de tras de esos 3.000 jugadores hay una familia.<br>Entonces lo encuentro super bueno y por eso que estamos aqu\u00ed, y le hace bien al f\u00fatbol, porque<br>hay mucha gente que lo necesita\u201d, detall\u00f3.<br>Recordar que en Punta Arenas, la comunidad puede acercarse a vacunarse contra Influenza o<br>COVID-19 de lunes a viernes en los Cesfam en horario de 9.00 a 12.00 horas, en el punto de<br>Zonaustral que funciona de 14.30 a 20.00 horas, en Mall Espacio Urbano Pionero de 17.00 a 20.00<\/p>\n\n\n\n<p>horas, en la Mutual de Seguridad de la C\u00e1mara Chilena de la Construcci\u00f3n de 11.00 a 16.00 horas,<br>adem\u00e1s del punto del IPS, que funciona cada lunes de 10.00 a 13.00 horas.<\/p>\n","protected":false},"excerpt":{"rendered":"<p>En un esfuerzo conjunto entre el sector salud Magallanes y la Agrupaci\u00f3n de Futbolito Senior dePunta Arenas, se llev\u00f3 a cabo el fin de semana pasado un operativo extraordinario de&#8230; <a class=\"read-more\" href=\"https:\/\/www.radiopresidenteibanez.cl\/web\/sector-salud-de-magallanes-y-agrupacion-de-futbolito-senior-se-unieron-parapromover-la-vacunacion-en-preparacion-a-meses-de-invierno\/\">Leer m\u00e1s<\/a><\/p>\n","protected":false},"author":2,"featured_media":40495,"comment_status":"closed","ping_status":"closed","sticky":false,"template":"","format":"standard","meta":{"footnotes":""},"categories":[1],"tags":[],"class_list":["post-40494","post","type-post","status-publish","format-standard","has-post-thumbnail","hentry","category-cronica"],"_links":{"self":[{"href":"https:\/\/www.radiopresidenteibanez.cl\/web\/wp-json\/wp\/v2\/posts\/40494","targetHints":{"allow":["GET"]}}],"collection":[{"href":"https:\/\/www.radiopresidenteibanez.cl\/web\/wp-json\/wp\/v2\/posts"}],"about":[{"href":"https:\/\/www.radiopresidenteibanez.cl\/web\/wp-json\/wp\/v2\/types\/post"}],"author":[{"embeddable":true,"href":"https:\/\/www.radiopresidenteibanez.cl\/web\/wp-json\/wp\/v2\/users\/2"}],"replies":[{"embeddable":true,"href":"https:\/\/www.radiopresidenteibanez.cl\/web\/wp-json\/wp\/v2\/comments?post=40494"}],"version-history":[{"count":0,"href":"https:\/\/www.radiopresidenteibanez.cl\/web\/wp-json\/wp\/v2\/posts\/40494\/revisions"}],"wp:featuredmedia":[{"embeddable":true,"href":"https:\/\/www.radiopresidenteibanez.cl\/web\/wp-json\/wp\/v2\/media\/40495"}],"wp:attachment":[{"href":"https:\/\/www.radiopresidenteibanez.cl\/web\/wp-json\/wp\/v2\/media?parent=40494"}],"wp:term":[{"taxonomy":"category","embeddable":true,"href":"https:\/\/www.radiopresidenteibanez.cl\/web\/wp-json\/wp\/v2\/categories?post=40494"},{"taxonomy":"post_tag","embeddable":true,"href":"https:\/\/www.radiopresidenteibanez.cl\/web\/wp-json\/wp\/v2\/tags?post=40494"}],"curies":[{"name":"wp","href":"https:\/\/api.w.org\/{rel}","templated":true}]}}