{"id":40482,"date":"2023-06-15T18:47:00","date_gmt":"2023-06-15T21:47:00","guid":{"rendered":"https:\/\/www.radiopresidenteibanez.cl\/web\/?p=40482"},"modified":"2023-06-15T15:19:31","modified_gmt":"2023-06-15T18:19:31","slug":"sernac-contigo-nuevo-proyecto-de-ley-que-busca-fortalecer-y-entregar-facultades-de-sancion","status":"publish","type":"post","link":"https:\/\/www.radiopresidenteibanez.cl\/web\/sernac-contigo-nuevo-proyecto-de-ley-que-busca-fortalecer-y-entregar-facultades-de-sancion\/","title":{"rendered":"SERNAC CONTIGO: NUEVO PROYECTO DE LEY QUE BUSCA FORTALECER Y ENTREGAR FACULTADES DE SANCION"},"content":{"rendered":"\n<p>Hasta la fecha, las y los consumidores que se han<br>visto afectados por problemas de consumo deben costear e ir por s\u00ed mismos<br>a los tribunales a buscar una soluci\u00f3n, a trav\u00e9s de un peregrinaje en la justicia<br>que termina \u2013generalmente\u2013 con malos resultados. Las facultades que tiene<br>hoy el SERNAC para resolver los problemas individuales de consumo son las<br>mismas desde que se dict\u00f3 la Ley del Consumidor, en 1997.<br>Los problemas que afectan a las y los consumidores se reflejan en los<br>reclamos que recibe a\u00f1o tras a\u00f1o el SERNAC: s\u00f3lo en el a\u00f1o 2022 el<br>organismo recibi\u00f3 m\u00e1s de 628 mil reclamos y en lo que va de este a\u00f1o ya<br>suman 232 mil casos. Para la directora regional de Sernac, Pamela Ram\u00edrez,<br>\u201cen la regi\u00f3n de Magallanes y de la Ant\u00e1rtica Chilena en ese mismo a\u00f1o, se<br>ingresaron 5.069 reclamos, de los cuales el 70% se ingresaron a trav\u00e9s de la<br>p\u00e1gina www.sernac.cl, el 17,02% en forma presencial y un 12,3% fueron<br>ingresados v\u00eda telef\u00f3nica. En tanto, un 42,68% de los reclamos fueron hechos<br>por personas de sexo masculino y un 57,2% personas de sexo femenino\u201d<br>aclar\u00f3 la l\u00edder regional del servicio.<br>En cuanto a los cinco mercados m\u00e1s reclamados a nivel regional, nos<br>encontramos con que el 22,77% de los casos corresponden al comercio, un<br>21, 77% a mercado financiero, un 19,42% a transporte, un 12, 35% a<br>telecomunicaciones y un 4,28% a servicios b\u00e1sicos.<br>Las comunas con mayor nivel de reclamos durante el 2022: Punta Arenas<br>alcanza el 85,77%, Natales el 9,51%, Porvenir el 2,58%, Cabo de Hornos el<br>1,26% y Laguna Blanca el 0,26%.<\/p>\n\n\n\n<p>Del total de reclamos recibidos durante el 2022, el 50% fueron acogidos y el<br>36% no fueron acogidos.<br>El retail, el mercado financiero, y el de telecomunicaciones concentran el<br>90% del total de los casos a nivel pa\u00eds. Entre los problemas con mayores<br>reclamos se encuentran: los incumplimientos de las condiciones ofrecidas<br>por las empresas, la negativa a respetar el derecho a la garant\u00eda legal, cobros<br>improcedentes, entre otras.<br>\u201cSERNAC Contigo\u201d<br>El Gobierno del presidente Gabriel Boric enviar\u00e1 al Congreso Nacional \u2013 a<br>trav\u00e9s del Ministerio de Econom\u00eda, Fomento y Turismo \u2013 un proyecto de ley<br>que busca fortalecer la gesti\u00f3n de reclamos por parte del SERNAC y<br>entregarle la facultad de sancionar en aquellos casos en que exista una<br>infracci\u00f3n a la ley del consumidor y el problema no haya sido solucionado<br>voluntariamente por la empresa.<br>La seremi de Econom\u00eda, Fomento y Turismo de la regi\u00f3n de Magallanes y de<br>la Ant\u00e1rtica Chilena, Ruth Saieh Latrach, recalca \u201cSe busca desincentivar los<br>incumplimientos y malas pr\u00e1cticas de las empresas. Con este proyecto, a<br>trav\u00e9s de un procedimiento administrativo eficiente, expedito y debidamente<br>regulado, el SERNAC podr\u00e1:<\/p>\n\n\n\n<ul class=\"wp-block-list\">\n<li>Aplicar multas<\/li>\n\n\n\n<li>Ordenar el cese de la conducta infractora<\/li>\n\n\n\n<li>Ordenar la restituci\u00f3n de los cobros indebidos, y<\/li>\n\n\n\n<li>Ordenar medidas preventivas a las empresas cuando no respeten los<br>derechos de las y los consumidores.<\/li>\n<\/ul>\n","protected":false},"excerpt":{"rendered":"<p>Hasta la fecha, las y los consumidores que se hanvisto afectados por problemas de consumo deben costear e ir por s\u00ed mismosa los tribunales a buscar una soluci\u00f3n, a trav\u00e9s&#8230; <a class=\"read-more\" href=\"https:\/\/www.radiopresidenteibanez.cl\/web\/sernac-contigo-nuevo-proyecto-de-ley-que-busca-fortalecer-y-entregar-facultades-de-sancion\/\">Leer m\u00e1s<\/a><\/p>\n","protected":false},"author":2,"featured_media":40483,"comment_status":"closed","ping_status":"closed","sticky":false,"template":"","format":"standard","meta":{"footnotes":""},"categories":[1],"tags":[],"class_list":["post-40482","post","type-post","status-publish","format-standard","has-post-thumbnail","hentry","category-cronica"],"_links":{"self":[{"href":"https:\/\/www.radiopresidenteibanez.cl\/web\/wp-json\/wp\/v2\/posts\/40482","targetHints":{"allow":["GET"]}}],"collection":[{"href":"https:\/\/www.radiopresidenteibanez.cl\/web\/wp-json\/wp\/v2\/posts"}],"about":[{"href":"https:\/\/www.radiopresidenteibanez.cl\/web\/wp-json\/wp\/v2\/types\/post"}],"author":[{"embeddable":true,"href":"https:\/\/www.radiopresidenteibanez.cl\/web\/wp-json\/wp\/v2\/users\/2"}],"replies":[{"embeddable":true,"href":"https:\/\/www.radiopresidenteibanez.cl\/web\/wp-json\/wp\/v2\/comments?post=40482"}],"version-history":[{"count":0,"href":"https:\/\/www.radiopresidenteibanez.cl\/web\/wp-json\/wp\/v2\/posts\/40482\/revisions"}],"wp:featuredmedia":[{"embeddable":true,"href":"https:\/\/www.radiopresidenteibanez.cl\/web\/wp-json\/wp\/v2\/media\/40483"}],"wp:attachment":[{"href":"https:\/\/www.radiopresidenteibanez.cl\/web\/wp-json\/wp\/v2\/media?parent=40482"}],"wp:term":[{"taxonomy":"category","embeddable":true,"href":"https:\/\/www.radiopresidenteibanez.cl\/web\/wp-json\/wp\/v2\/categories?post=40482"},{"taxonomy":"post_tag","embeddable":true,"href":"https:\/\/www.radiopresidenteibanez.cl\/web\/wp-json\/wp\/v2\/tags?post=40482"}],"curies":[{"name":"wp","href":"https:\/\/api.w.org\/{rel}","templated":true}]}}