{"id":40479,"date":"2023-06-15T17:37:00","date_gmt":"2023-06-15T20:37:00","guid":{"rendered":"https:\/\/www.radiopresidenteibanez.cl\/web\/?p=40479"},"modified":"2023-06-15T15:16:15","modified_gmt":"2023-06-15T18:16:15","slug":"seremi-de-energia-desarrolla-talleres-y-charlas-regionales-sobre-nueva-ley-de-biocombustibles-solidos","status":"publish","type":"post","link":"https:\/\/www.radiopresidenteibanez.cl\/web\/seremi-de-energia-desarrolla-talleres-y-charlas-regionales-sobre-nueva-ley-de-biocombustibles-solidos\/","title":{"rendered":"SEREMI DE ENERGIA DESARROLLA TALLERES Y CHARLAS REGIONALES SOBRE NUEVA LEY DE BIOCOMBUSTIBLES SOLIDOS"},"content":{"rendered":"\n<p>Un taller regional y cuatro charlas&nbsp;informativas a las comunidades ind\u00edgenas de Punta Arenas y Natales&nbsp;se desarrollaron esta semana&nbsp;sobre la Ley 21.499 que \u201cRegula los Biocombustibles S\u00f3lidos\u201d, y su&nbsp;Reglamento en actual elaboraci\u00f3n.<em>&nbsp;<\/em><\/p>\n\n\n\n<p>Las charlas y el taller fueron liderados por la Seremi de Energ\u00eda de Magallanes, Mar\u00eda Luisa Ojeda y profesionales especializados en la materia procedentes del nivel central de la cartera del ramo; congregaron a autoridades locales, comunidades ind\u00edgenas de la regi\u00f3n, y actores asociados al tema.<\/p>\n\n\n\n<p>El grueso de las actividades inform\u00f3 a los asistentes sobre los alcances de la nueva normativa legal y sus&nbsp;lineamientos para la producci\u00f3n, transporte y&nbsp;comercializaci\u00f3n de le\u00f1a, pellet u otros combustibles s\u00f3lidos.<\/p>\n\n\n\n<p>Al respecto, la Seremi Mar\u00eda Luisa Ojeda agradeci\u00f3 \u201cla buena convocatoria e inter\u00e9s por participar, aportar e informarse que tuvieron los asistentes\u201d, dijo.<\/p>\n\n\n\n<p>La secretaria regional de Energ\u00eda remarc\u00f3 la importancia de difundir los alcances de la ley \u201cy de escuchar lo que los usuarios de esta nueva pol\u00edtica p\u00fablica pueden aportar para un mejor y robustecido reglamento que la ponga en operaci\u00f3n. Este es el mandato que el Gobierno Presidente Gabriel Boric Font y nuestro ministro Diego Pardow nos han encomendado a los Seremi de Energ\u00eda de Chile\u201d, subray\u00f3.<\/p>\n\n\n\n<p>\u201cEste ser\u00e1 el primer instrumento al cual el Ministerio de Energ\u00eda le realizar\u00e1 Consulta Ind\u00edgena, y estamos difundiendo los aspectos generales que involucrar\u00e1n este proceso, adem\u00e1s de los de car\u00e1cter t\u00e9cnico que abordar\u00e1 el futuro reglamento\u201d, recalc\u00f3.<\/p>\n\n\n\n<p><strong>DI\u00c1LOGO SOCIEDAD CIVIL &#8211; AUTORIDADES<\/strong><\/p>\n\n\n\n<p>Una de los asistentes a los talleres fue Hayde\u00e9 \u00c1guila Caro, de la comunidad kaw\u00e9sqar ATAP, quien estuvo en dos talleres. \u201cMe pareci\u00f3 bastante interesante. Planteamos que Magallanes debiera tener una normativa diferenciada, pues somos diferentes a otras regiones como Ays\u00e9n (\u2026). Debe haber algo no s\u00f3lo para los que venden o transportan le\u00f1a, sino tambi\u00e9n para los peque\u00f1os usuarios o peque\u00f1os consumidores como nosotros\u201d.<\/p>\n\n\n\n<p>En tanto, la Delegada Presidencial Provincial de la Ant\u00e1rtica Chilena, Mar\u00eda Luisa Mu\u00f1oz Manquemilla, aplaudi\u00f3 la iniciativa se\u00f1alando que \u201cfue una excelente instancia de participaci\u00f3n para conocer esta ley sobre el aspecto de la regulaci\u00f3n y tambi\u00e9n la manera en que se est\u00e1 recogiendo las miradas territoriales, lo cual me parece sumamente importante, pues hay miradas distintas. No es lo mismo Punta Arenas que Puerto Ed\u00e9n, que Puerto Williams o que Natales (\u2026)\u201d, sostuvo.<\/p>\n\n\n\n<p>La autoridad provincial agreg\u00f3 en esta misma l\u00ednea que \u201choy con este trabajo se visualiza desde la institucionalidad, desde los privados, desde las mismas comunidades ind\u00edgenas, las distintas diferencias; por eso considero que es muy relevante escucharnos y ser part\u00edcipe de este proceso\u201d.<\/p>\n","protected":false},"excerpt":{"rendered":"<p>Un taller regional y cuatro charlas&nbsp;informativas a las comunidades ind\u00edgenas de Punta Arenas y Natales&nbsp;se desarrollaron esta semana&nbsp;sobre la Ley 21.499 que \u201cRegula los Biocombustibles S\u00f3lidos\u201d, y su&nbsp;Reglamento en actual&#8230; <a class=\"read-more\" href=\"https:\/\/www.radiopresidenteibanez.cl\/web\/seremi-de-energia-desarrolla-talleres-y-charlas-regionales-sobre-nueva-ley-de-biocombustibles-solidos\/\">Leer m\u00e1s<\/a><\/p>\n","protected":false},"author":2,"featured_media":40480,"comment_status":"closed","ping_status":"closed","sticky":false,"template":"","format":"standard","meta":{"footnotes":""},"categories":[1],"tags":[],"class_list":["post-40479","post","type-post","status-publish","format-standard","has-post-thumbnail","hentry","category-cronica"],"_links":{"self":[{"href":"https:\/\/www.radiopresidenteibanez.cl\/web\/wp-json\/wp\/v2\/posts\/40479","targetHints":{"allow":["GET"]}}],"collection":[{"href":"https:\/\/www.radiopresidenteibanez.cl\/web\/wp-json\/wp\/v2\/posts"}],"about":[{"href":"https:\/\/www.radiopresidenteibanez.cl\/web\/wp-json\/wp\/v2\/types\/post"}],"author":[{"embeddable":true,"href":"https:\/\/www.radiopresidenteibanez.cl\/web\/wp-json\/wp\/v2\/users\/2"}],"replies":[{"embeddable":true,"href":"https:\/\/www.radiopresidenteibanez.cl\/web\/wp-json\/wp\/v2\/comments?post=40479"}],"version-history":[{"count":0,"href":"https:\/\/www.radiopresidenteibanez.cl\/web\/wp-json\/wp\/v2\/posts\/40479\/revisions"}],"wp:featuredmedia":[{"embeddable":true,"href":"https:\/\/www.radiopresidenteibanez.cl\/web\/wp-json\/wp\/v2\/media\/40480"}],"wp:attachment":[{"href":"https:\/\/www.radiopresidenteibanez.cl\/web\/wp-json\/wp\/v2\/media?parent=40479"}],"wp:term":[{"taxonomy":"category","embeddable":true,"href":"https:\/\/www.radiopresidenteibanez.cl\/web\/wp-json\/wp\/v2\/categories?post=40479"},{"taxonomy":"post_tag","embeddable":true,"href":"https:\/\/www.radiopresidenteibanez.cl\/web\/wp-json\/wp\/v2\/tags?post=40479"}],"curies":[{"name":"wp","href":"https:\/\/api.w.org\/{rel}","templated":true}]}}